{"id":9231,"date":"2017-07-13T13:00:28","date_gmt":"2017-07-13T12:00:28","guid":{"rendered":"https:\/\/www.cnh2.es\/?p=9231"},"modified":"2017-07-13T13:00:28","modified_gmt":"2017-07-13T12:00:28","slug":"participacion-del-cnh2-en-la-7a-convencion-mundial-del-hidrogeno-whtc-2017","status":"publish","type":"post","link":"https:\/\/www.cnh2.es\/en\/2017\/07\/13\/participacion-del-cnh2-en-la-7a-convencion-mundial-del-hidrogeno-whtc-2017\/","title":{"rendered":"Participaci\u00f3n del CNH2 en la 7\u00aa Convenci\u00f3n Mundial del Hidr\u00f3geno &#8211; WHTC 2017"},"content":{"rendered":"<p>[:es]<strong>El Centro Nacional del Hidr\u00f3geno, CNH2, ha participado\u00a0en la 7\u00aa Convenci\u00f3n\u00a0Mundial del Hidr\u00f3geno (WHTC 2017), que se celebr\u00f3 en Praga (Rep\u00fablica Checa) desde el 9 al 12 de julio de 2017.<\/strong><\/p>\n<p><img loading=\"lazy\" decoding=\"async\" class=\"size-medium wp-image-9233 alignleft\" src=\"https:\/\/www.cnh2.es\/wp-content\/uploads\/2017\/07\/IMG-20170712-WA0000-168x300.jpg\" alt=\"\" width=\"168\" height=\"300\" srcset=\"https:\/\/www.cnh2.es\/wp-content\/uploads\/2017\/07\/IMG-20170712-WA0000-168x300.jpg 168w, https:\/\/www.cnh2.es\/wp-content\/uploads\/2017\/07\/IMG-20170712-WA0000-768x1368.jpg 768w, https:\/\/www.cnh2.es\/wp-content\/uploads\/2017\/07\/IMG-20170712-WA0000-578x1030.jpg 578w, https:\/\/www.cnh2.es\/wp-content\/uploads\/2017\/07\/IMG-20170712-WA0000-842x1500.jpg 842w, https:\/\/www.cnh2.es\/wp-content\/uploads\/2017\/07\/IMG-20170712-WA0000-396x705.jpg 396w, https:\/\/www.cnh2.es\/wp-content\/uploads\/2017\/07\/IMG-20170712-WA0000-450x802.jpg 450w, https:\/\/www.cnh2.es\/wp-content\/uploads\/2017\/07\/IMG-20170712-WA0000.jpg 898w\" sizes=\"auto, (max-width: 168px) 100vw, 168px\" \/>El Congreso\u00a0<strong>WHTC 2017<\/strong>\u00a0es el foro de referencia global para el estudio y seguimiento de la tecnolog\u00eda energ\u00e9tica del hidr\u00f3geno.\u00a0Con 513 delgados de 45 pa\u00edses\u00a0diferentes y con una actividad de 144 presentaciones orales y 124 posters, el Congreso muestra los \u00faltimos avances y lo m\u00e1s puntero en investigaci\u00f3n en materia de producci\u00f3n, almacenamiento y distribuci\u00f3n de hidr\u00f3geno, as\u00ed como los \u00faltimos desarrollos en pilas de combustible y otros posibles usos del hidr\u00f3geno como el PowerToGas.<\/p>\n<p>El CNH2 ha participado activamente con dos trabajos. El Dr. Carlos F\u00fanez Guerra, Jefe de la Unidad de Consultor\u00eda y Medio Ambiente del CNH2,\u00a0present\u00f3 el\u00a0trabajo titulado\u00a0<em>\u201cViability analysis for use hydrogen as fuel in logistics centers\u201d,\u00a0<\/em>trabajo realizado en el CNH2, en el que se analiza la viabilidad t\u00e9cnica y econ\u00f3mica de la producci\u00f3n de hidr\u00f3geno, a trav\u00e9s de la electrolisis PEM, como combustible en centros log\u00edsticos. Por otra parte, \u00a0Jos\u00e9 Mar\u00eda Olavarrieta Tellez, Ingeniero de la Unidad de Desarrollo y Validaci\u00f3n del CNH2, present\u00f3 el trabajo\u00a0<em>\u201cA new method of external humidification gas streams\u201d<\/em>, centrado en la mejora del sistema interno de humidificaci\u00f3n de stacks de pila de combustible.<\/p>\n<p><img loading=\"lazy\" decoding=\"async\" class=\"size-medium wp-image-9240 alignleft\" src=\"https:\/\/www.cnh2.es\/wp-content\/uploads\/2017\/07\/Radio-Praga-300x169.jpg\" alt=\"\" width=\"300\" height=\"169\" srcset=\"https:\/\/www.cnh2.es\/wp-content\/uploads\/2017\/07\/Radio-Praga-300x169.jpg 300w, https:\/\/www.cnh2.es\/wp-content\/uploads\/2017\/07\/Radio-Praga-768x431.jpg 768w, https:\/\/www.cnh2.es\/wp-content\/uploads\/2017\/07\/Radio-Praga-1030x579.jpg 1030w, https:\/\/www.cnh2.es\/wp-content\/uploads\/2017\/07\/Radio-Praga-705x396.jpg 705w, https:\/\/www.cnh2.es\/wp-content\/uploads\/2017\/07\/Radio-Praga-450x253.jpg 450w, https:\/\/www.cnh2.es\/wp-content\/uploads\/2017\/07\/Radio-Praga.jpg 1200w\" sizes=\"auto, (max-width: 300px) 100vw, 300px\" \/>Paralelamente a la celebraci\u00f3n de la Convenci\u00f3n Mundial del Hidr\u00f3geno WHTC 2017, el Dr. Carlos F\u00fanez Guerra fue entrevistado por los periodistas de Radio Praha y en la que se habl\u00f3 sobre las ventajas del hidr\u00f3geno como fuente de energ\u00eda.<\/p>\n<p><a href=\"http:\/\/radio.cz\/es\/rubrica\/notas\/el-hidrogeno-como-fuente-de-energia-a-la-vuelta-de-la-esquina\" target=\"_blank\" rel=\"noopener noreferrer\">Entrevista completa.<\/a>[:]<\/p>\n","protected":false},"excerpt":{"rendered":"<p>[:es]El Centro Nacional del Hidr\u00f3geno, CNH2, ha participado\u00a0en la 7\u00aa Convenci\u00f3n\u00a0Mundial del Hidr\u00f3geno (WHTC 2017), que se celebr\u00f3 en Praga (Rep\u00fablica Checa) desde el 9 al 12 de julio de 2017. El Congreso\u00a0WHTC 2017\u00a0es el foro de referencia global para el estudio y seguimiento de la tecnolog\u00eda energ\u00e9tica del hidr\u00f3geno.\u00a0Con 513 delgados de 45 pa\u00edses\u00a0diferentes [&hellip;]<\/p>\n","protected":false},"author":2,"featured_media":9106,"comment_status":"closed","ping_status":"closed","sticky":false,"template":"","format":"standard","meta":{"_lmt_disableupdate":"","_lmt_disable":"","footnotes":""},"categories":[100],"tags":[],"class_list":["post-9231","post","type-post","status-publish","format-standard","has-post-thumbnail","hentry","category-cnh2-news"],"yoast_head":"<!-- This site is optimized with the Yoast SEO plugin v27.4 - https:\/\/yoast.com\/product\/yoast-seo-wordpress\/ -->\n<title>Participaci\u00f3n del CNH2 en la 7\u00aa Convenci\u00f3n Mundial del Hidr\u00f3geno - WHTC 2017 - Centro Nacional del Hidr\u00f3geno<\/title>\n<meta name=\"robots\" content=\"index, follow, max-snippet:-1, max-image-preview:large, max-video-preview:-1\" \/>\n<link rel=\"canonical\" href=\"https:\/\/www.cnh2.es\/en\/2017\/07\/13\/participacion-del-cnh2-en-la-7a-convencion-mundial-del-hidrogeno-whtc-2017\/\" \/>\n<meta property=\"og:locale\" content=\"en_US\" \/>\n<meta property=\"og:type\" content=\"article\" \/>\n<meta property=\"og:title\" content=\"Participaci\u00f3n del CNH2 en la 7\u00aa Convenci\u00f3n Mundial del Hidr\u00f3geno - WHTC 2017 - Centro Nacional del Hidr\u00f3geno\" \/>\n<meta property=\"og:description\" content=\"[:es]El Centro Nacional del Hidr\u00f3geno, CNH2, ha participado\u00a0en la 7\u00aa Convenci\u00f3n\u00a0Mundial del Hidr\u00f3geno (WHTC 2017), que se celebr\u00f3 en Praga (Rep\u00fablica Checa) desde el 9 al 12 de julio de 2017. El Congreso\u00a0WHTC 2017\u00a0es el foro de referencia global para el estudio y seguimiento de la tecnolog\u00eda energ\u00e9tica del hidr\u00f3geno.\u00a0Con 513 delgados de 45 pa\u00edses\u00a0diferentes [&hellip;]\" \/>\n<meta property=\"og:url\" content=\"https:\/\/www.cnh2.es\/en\/2017\/07\/13\/participacion-del-cnh2-en-la-7a-convencion-mundial-del-hidrogeno-whtc-2017\/\" \/>\n<meta property=\"og:site_name\" content=\"Centro Nacional del Hidr\u00f3geno\" \/>\n<meta property=\"article:published_time\" content=\"2017-07-13T12:00:28+00:00\" \/>\n<meta property=\"og:image\" content=\"https:\/\/www.cnh2.es\/wp-content\/uploads\/2017\/07\/IMG-20170712-WA0008.jpg\" \/>\n\t<meta property=\"og:image:width\" content=\"1600\" \/>\n\t<meta property=\"og:image:height\" content=\"898\" \/>\n\t<meta property=\"og:image:type\" content=\"image\/jpeg\" \/>\n<meta name=\"author\" content=\"cnh2\" \/>\n<meta name=\"twitter:card\" content=\"summary_large_image\" \/>\n<meta name=\"twitter:label1\" content=\"Written by\" \/>\n\t<meta name=\"twitter:data1\" content=\"cnh2\" \/>\n\t<meta name=\"twitter:label2\" content=\"Est. reading time\" \/>\n\t<meta name=\"twitter:data2\" content=\"1 minute\" \/>\n<script type=\"application\/ld+json\" class=\"yoast-schema-graph\">{\"@context\":\"https:\\\/\\\/schema.org\",\"@graph\":[{\"@type\":\"Article\",\"@id\":\"https:\\\/\\\/www.cnh2.es\\\/en\\\/2017\\\/07\\\/13\\\/participacion-del-cnh2-en-la-7a-convencion-mundial-del-hidrogeno-whtc-2017\\\/#article\",\"isPartOf\":{\"@id\":\"https:\\\/\\\/www.cnh2.es\\\/en\\\/2017\\\/07\\\/13\\\/participacion-del-cnh2-en-la-7a-convencion-mundial-del-hidrogeno-whtc-2017\\\/\"},\"author\":{\"name\":\"cnh2\",\"@id\":\"https:\\\/\\\/www.cnh2.es\\\/#\\\/schema\\\/person\\\/c7e71b9e0bb7fc06b5c90f489a3b08c9\"},\"headline\":\"Participaci\u00f3n del CNH2 en la 7\u00aa Convenci\u00f3n Mundial del Hidr\u00f3geno &#8211; WHTC 2017\",\"datePublished\":\"2017-07-13T12:00:28+00:00\",\"mainEntityOfPage\":{\"@id\":\"https:\\\/\\\/www.cnh2.es\\\/en\\\/2017\\\/07\\\/13\\\/participacion-del-cnh2-en-la-7a-convencion-mundial-del-hidrogeno-whtc-2017\\\/\"},\"wordCount\":300,\"image\":{\"@id\":\"https:\\\/\\\/www.cnh2.es\\\/en\\\/2017\\\/07\\\/13\\\/participacion-del-cnh2-en-la-7a-convencion-mundial-del-hidrogeno-whtc-2017\\\/#primaryimage\"},\"thumbnailUrl\":\"https:\\\/\\\/www.cnh2.es\\\/wp-content\\\/uploads\\\/2017\\\/07\\\/IMG-20170712-WA0008.jpg\",\"articleSection\":[\"CNH2 News\"],\"inLanguage\":\"en-US\"},{\"@type\":\"WebPage\",\"@id\":\"https:\\\/\\\/www.cnh2.es\\\/en\\\/2017\\\/07\\\/13\\\/participacion-del-cnh2-en-la-7a-convencion-mundial-del-hidrogeno-whtc-2017\\\/\",\"url\":\"https:\\\/\\\/www.cnh2.es\\\/en\\\/2017\\\/07\\\/13\\\/participacion-del-cnh2-en-la-7a-convencion-mundial-del-hidrogeno-whtc-2017\\\/\",\"name\":\"Participaci\u00f3n del CNH2 en la 7\u00aa Convenci\u00f3n Mundial del Hidr\u00f3geno - WHTC 2017 - Centro Nacional del Hidr\u00f3geno\",\"isPartOf\":{\"@id\":\"https:\\\/\\\/www.cnh2.es\\\/#website\"},\"primaryImageOfPage\":{\"@id\":\"https:\\\/\\\/www.cnh2.es\\\/en\\\/2017\\\/07\\\/13\\\/participacion-del-cnh2-en-la-7a-convencion-mundial-del-hidrogeno-whtc-2017\\\/#primaryimage\"},\"image\":{\"@id\":\"https:\\\/\\\/www.cnh2.es\\\/en\\\/2017\\\/07\\\/13\\\/participacion-del-cnh2-en-la-7a-convencion-mundial-del-hidrogeno-whtc-2017\\\/#primaryimage\"},\"thumbnailUrl\":\"https:\\\/\\\/www.cnh2.es\\\/wp-content\\\/uploads\\\/2017\\\/07\\\/IMG-20170712-WA0008.jpg\",\"datePublished\":\"2017-07-13T12:00:28+00:00\",\"author\":{\"@id\":\"https:\\\/\\\/www.cnh2.es\\\/#\\\/schema\\\/person\\\/c7e71b9e0bb7fc06b5c90f489a3b08c9\"},\"breadcrumb\":{\"@id\":\"https:\\\/\\\/www.cnh2.es\\\/en\\\/2017\\\/07\\\/13\\\/participacion-del-cnh2-en-la-7a-convencion-mundial-del-hidrogeno-whtc-2017\\\/#breadcrumb\"},\"inLanguage\":\"en-US\",\"potentialAction\":[{\"@type\":\"ReadAction\",\"target\":[\"https:\\\/\\\/www.cnh2.es\\\/en\\\/2017\\\/07\\\/13\\\/participacion-del-cnh2-en-la-7a-convencion-mundial-del-hidrogeno-whtc-2017\\\/\"]}]},{\"@type\":\"ImageObject\",\"inLanguage\":\"en-US\",\"@id\":\"https:\\\/\\\/www.cnh2.es\\\/en\\\/2017\\\/07\\\/13\\\/participacion-del-cnh2-en-la-7a-convencion-mundial-del-hidrogeno-whtc-2017\\\/#primaryimage\",\"url\":\"https:\\\/\\\/www.cnh2.es\\\/wp-content\\\/uploads\\\/2017\\\/07\\\/IMG-20170712-WA0008.jpg\",\"contentUrl\":\"https:\\\/\\\/www.cnh2.es\\\/wp-content\\\/uploads\\\/2017\\\/07\\\/IMG-20170712-WA0008.jpg\",\"width\":1600,\"height\":898},{\"@type\":\"BreadcrumbList\",\"@id\":\"https:\\\/\\\/www.cnh2.es\\\/en\\\/2017\\\/07\\\/13\\\/participacion-del-cnh2-en-la-7a-convencion-mundial-del-hidrogeno-whtc-2017\\\/#breadcrumb\",\"itemListElement\":[{\"@type\":\"ListItem\",\"position\":1,\"name\":\"Home\",\"item\":\"https:\\\/\\\/www.cnh2.es\\\/en\\\/\"},{\"@type\":\"ListItem\",\"position\":2,\"name\":\"Participaci\u00f3n del CNH2 en la 7\u00aa Convenci\u00f3n Mundial del Hidr\u00f3geno &#8211; WHTC 2017\"}]},{\"@type\":\"WebSite\",\"@id\":\"https:\\\/\\\/www.cnh2.es\\\/#website\",\"url\":\"https:\\\/\\\/www.cnh2.es\\\/\",\"name\":\"Centro Nacional del Hidr\u00f3geno\",\"description\":\"El Centro Nacional del Hidr\u00f3geno (CNH2), es una instalaci\u00f3n de nueva creaci\u00f3n dedicada en exclusividad a la investigaci\u00f3n y desarrollo de las tecnolog\u00edas del...\",\"potentialAction\":[{\"@type\":\"SearchAction\",\"target\":{\"@type\":\"EntryPoint\",\"urlTemplate\":\"https:\\\/\\\/www.cnh2.es\\\/?s={search_term_string}\"},\"query-input\":{\"@type\":\"PropertyValueSpecification\",\"valueRequired\":true,\"valueName\":\"search_term_string\"}}],\"inLanguage\":\"en-US\"},{\"@type\":\"Person\",\"@id\":\"https:\\\/\\\/www.cnh2.es\\\/#\\\/schema\\\/person\\\/c7e71b9e0bb7fc06b5c90f489a3b08c9\",\"name\":\"cnh2\",\"image\":{\"@type\":\"ImageObject\",\"inLanguage\":\"en-US\",\"@id\":\"https:\\\/\\\/secure.gravatar.com\\\/avatar\\\/3f38779628ec8f379d10b11b1983755d8d5ceb434c57e13b8b1e62ad66b9800f?s=96&d=mm&r=g\",\"url\":\"https:\\\/\\\/secure.gravatar.com\\\/avatar\\\/3f38779628ec8f379d10b11b1983755d8d5ceb434c57e13b8b1e62ad66b9800f?s=96&d=mm&r=g\",\"contentUrl\":\"https:\\\/\\\/secure.gravatar.com\\\/avatar\\\/3f38779628ec8f379d10b11b1983755d8d5ceb434c57e13b8b1e62ad66b9800f?s=96&d=mm&r=g\",\"caption\":\"cnh2\"}}]}<\/script>\n<!-- \/ Yoast SEO plugin. -->","yoast_head_json":{"title":"Participaci\u00f3n del CNH2 en la 7\u00aa Convenci\u00f3n Mundial del Hidr\u00f3geno - WHTC 2017 - Centro Nacional del Hidr\u00f3geno","robots":{"index":"index","follow":"follow","max-snippet":"max-snippet:-1","max-image-preview":"max-image-preview:large","max-video-preview":"max-video-preview:-1"},"canonical":"https:\/\/www.cnh2.es\/en\/2017\/07\/13\/participacion-del-cnh2-en-la-7a-convencion-mundial-del-hidrogeno-whtc-2017\/","og_locale":"en_US","og_type":"article","og_title":"Participaci\u00f3n del CNH2 en la 7\u00aa Convenci\u00f3n Mundial del Hidr\u00f3geno - WHTC 2017 - Centro Nacional del Hidr\u00f3geno","og_description":"[:es]El Centro Nacional del Hidr\u00f3geno, CNH2, ha participado\u00a0en la 7\u00aa Convenci\u00f3n\u00a0Mundial del Hidr\u00f3geno (WHTC 2017), que se celebr\u00f3 en Praga (Rep\u00fablica Checa) desde el 9 al 12 de julio de 2017. El Congreso\u00a0WHTC 2017\u00a0es el foro de referencia global para el estudio y seguimiento de la tecnolog\u00eda energ\u00e9tica del hidr\u00f3geno.\u00a0Con 513 delgados de 45 pa\u00edses\u00a0diferentes [&hellip;]","og_url":"https:\/\/www.cnh2.es\/en\/2017\/07\/13\/participacion-del-cnh2-en-la-7a-convencion-mundial-del-hidrogeno-whtc-2017\/","og_site_name":"Centro Nacional del Hidr\u00f3geno","article_published_time":"2017-07-13T12:00:28+00:00","og_image":[{"width":1600,"height":898,"url":"https:\/\/www.cnh2.es\/wp-content\/uploads\/2017\/07\/IMG-20170712-WA0008.jpg","type":"image\/jpeg"}],"author":"cnh2","twitter_card":"summary_large_image","twitter_misc":{"Written by":"cnh2","Est. reading time":"1 minute"},"schema":{"@context":"https:\/\/schema.org","@graph":[{"@type":"Article","@id":"https:\/\/www.cnh2.es\/en\/2017\/07\/13\/participacion-del-cnh2-en-la-7a-convencion-mundial-del-hidrogeno-whtc-2017\/#article","isPartOf":{"@id":"https:\/\/www.cnh2.es\/en\/2017\/07\/13\/participacion-del-cnh2-en-la-7a-convencion-mundial-del-hidrogeno-whtc-2017\/"},"author":{"name":"cnh2","@id":"https:\/\/www.cnh2.es\/#\/schema\/person\/c7e71b9e0bb7fc06b5c90f489a3b08c9"},"headline":"Participaci\u00f3n del CNH2 en la 7\u00aa Convenci\u00f3n Mundial del Hidr\u00f3geno &#8211; WHTC 2017","datePublished":"2017-07-13T12:00:28+00:00","mainEntityOfPage":{"@id":"https:\/\/www.cnh2.es\/en\/2017\/07\/13\/participacion-del-cnh2-en-la-7a-convencion-mundial-del-hidrogeno-whtc-2017\/"},"wordCount":300,"image":{"@id":"https:\/\/www.cnh2.es\/en\/2017\/07\/13\/participacion-del-cnh2-en-la-7a-convencion-mundial-del-hidrogeno-whtc-2017\/#primaryimage"},"thumbnailUrl":"https:\/\/www.cnh2.es\/wp-content\/uploads\/2017\/07\/IMG-20170712-WA0008.jpg","articleSection":["CNH2 News"],"inLanguage":"en-US"},{"@type":"WebPage","@id":"https:\/\/www.cnh2.es\/en\/2017\/07\/13\/participacion-del-cnh2-en-la-7a-convencion-mundial-del-hidrogeno-whtc-2017\/","url":"https:\/\/www.cnh2.es\/en\/2017\/07\/13\/participacion-del-cnh2-en-la-7a-convencion-mundial-del-hidrogeno-whtc-2017\/","name":"Participaci\u00f3n del CNH2 en la 7\u00aa Convenci\u00f3n Mundial del Hidr\u00f3geno - WHTC 2017 - Centro Nacional del Hidr\u00f3geno","isPartOf":{"@id":"https:\/\/www.cnh2.es\/#website"},"primaryImageOfPage":{"@id":"https:\/\/www.cnh2.es\/en\/2017\/07\/13\/participacion-del-cnh2-en-la-7a-convencion-mundial-del-hidrogeno-whtc-2017\/#primaryimage"},"image":{"@id":"https:\/\/www.cnh2.es\/en\/2017\/07\/13\/participacion-del-cnh2-en-la-7a-convencion-mundial-del-hidrogeno-whtc-2017\/#primaryimage"},"thumbnailUrl":"https:\/\/www.cnh2.es\/wp-content\/uploads\/2017\/07\/IMG-20170712-WA0008.jpg","datePublished":"2017-07-13T12:00:28+00:00","author":{"@id":"https:\/\/www.cnh2.es\/#\/schema\/person\/c7e71b9e0bb7fc06b5c90f489a3b08c9"},"breadcrumb":{"@id":"https:\/\/www.cnh2.es\/en\/2017\/07\/13\/participacion-del-cnh2-en-la-7a-convencion-mundial-del-hidrogeno-whtc-2017\/#breadcrumb"},"inLanguage":"en-US","potentialAction":[{"@type":"ReadAction","target":["https:\/\/www.cnh2.es\/en\/2017\/07\/13\/participacion-del-cnh2-en-la-7a-convencion-mundial-del-hidrogeno-whtc-2017\/"]}]},{"@type":"ImageObject","inLanguage":"en-US","@id":"https:\/\/www.cnh2.es\/en\/2017\/07\/13\/participacion-del-cnh2-en-la-7a-convencion-mundial-del-hidrogeno-whtc-2017\/#primaryimage","url":"https:\/\/www.cnh2.es\/wp-content\/uploads\/2017\/07\/IMG-20170712-WA0008.jpg","contentUrl":"https:\/\/www.cnh2.es\/wp-content\/uploads\/2017\/07\/IMG-20170712-WA0008.jpg","width":1600,"height":898},{"@type":"BreadcrumbList","@id":"https:\/\/www.cnh2.es\/en\/2017\/07\/13\/participacion-del-cnh2-en-la-7a-convencion-mundial-del-hidrogeno-whtc-2017\/#breadcrumb","itemListElement":[{"@type":"ListItem","position":1,"name":"Home","item":"https:\/\/www.cnh2.es\/en\/"},{"@type":"ListItem","position":2,"name":"Participaci\u00f3n del CNH2 en la 7\u00aa Convenci\u00f3n Mundial del Hidr\u00f3geno &#8211; WHTC 2017"}]},{"@type":"WebSite","@id":"https:\/\/www.cnh2.es\/#website","url":"https:\/\/www.cnh2.es\/","name":"Centro Nacional del Hidr\u00f3geno","description":"El Centro Nacional del Hidr\u00f3geno (CNH2), es una instalaci\u00f3n de nueva creaci\u00f3n dedicada en exclusividad a la investigaci\u00f3n y desarrollo de las tecnolog\u00edas del...","potentialAction":[{"@type":"SearchAction","target":{"@type":"EntryPoint","urlTemplate":"https:\/\/www.cnh2.es\/?s={search_term_string}"},"query-input":{"@type":"PropertyValueSpecification","valueRequired":true,"valueName":"search_term_string"}}],"inLanguage":"en-US"},{"@type":"Person","@id":"https:\/\/www.cnh2.es\/#\/schema\/person\/c7e71b9e0bb7fc06b5c90f489a3b08c9","name":"cnh2","image":{"@type":"ImageObject","inLanguage":"en-US","@id":"https:\/\/secure.gravatar.com\/avatar\/3f38779628ec8f379d10b11b1983755d8d5ceb434c57e13b8b1e62ad66b9800f?s=96&d=mm&r=g","url":"https:\/\/secure.gravatar.com\/avatar\/3f38779628ec8f379d10b11b1983755d8d5ceb434c57e13b8b1e62ad66b9800f?s=96&d=mm&r=g","contentUrl":"https:\/\/secure.gravatar.com\/avatar\/3f38779628ec8f379d10b11b1983755d8d5ceb434c57e13b8b1e62ad66b9800f?s=96&d=mm&r=g","caption":"cnh2"}}]}},"modified_by":"Roberto Carlos Romero Molina","_links":{"self":[{"href":"https:\/\/www.cnh2.es\/en\/wp-json\/wp\/v2\/posts\/9231","targetHints":{"allow":["GET"]}}],"collection":[{"href":"https:\/\/www.cnh2.es\/en\/wp-json\/wp\/v2\/posts"}],"about":[{"href":"https:\/\/www.cnh2.es\/en\/wp-json\/wp\/v2\/types\/post"}],"author":[{"embeddable":true,"href":"https:\/\/www.cnh2.es\/en\/wp-json\/wp\/v2\/users\/2"}],"replies":[{"embeddable":true,"href":"https:\/\/www.cnh2.es\/en\/wp-json\/wp\/v2\/comments?post=9231"}],"version-history":[{"count":0,"href":"https:\/\/www.cnh2.es\/en\/wp-json\/wp\/v2\/posts\/9231\/revisions"}],"wp:featuredmedia":[{"embeddable":true,"href":"https:\/\/www.cnh2.es\/en\/wp-json\/wp\/v2\/media\/9106"}],"wp:attachment":[{"href":"https:\/\/www.cnh2.es\/en\/wp-json\/wp\/v2\/media?parent=9231"}],"wp:term":[{"taxonomy":"category","embeddable":true,"href":"https:\/\/www.cnh2.es\/en\/wp-json\/wp\/v2\/categories?post=9231"},{"taxonomy":"post_tag","embeddable":true,"href":"https:\/\/www.cnh2.es\/en\/wp-json\/wp\/v2\/tags?post=9231"}],"curies":[{"name":"wp","href":"https:\/\/api.w.org\/{rel}","templated":true}]}}