{"id":9124,"date":"2017-07-24T17:00:23","date_gmt":"2017-07-24T16:00:23","guid":{"rendered":"https:\/\/www.cnh2.es\/?p=9124"},"modified":"2017-07-24T17:00:23","modified_gmt":"2017-07-24T16:00:23","slug":"el-presidente-de-castilla-la-mancha-d-emiliano-garcia-page-visita-las-instalaciones-del-centro-nacional-del-hidrogeno","status":"publish","type":"post","link":"https:\/\/www.cnh2.es\/en\/2017\/07\/24\/el-presidente-de-castilla-la-mancha-d-emiliano-garcia-page-visita-las-instalaciones-del-centro-nacional-del-hidrogeno\/","title":{"rendered":"El Presidente de Castilla-La Mancha, D. Emiliano Garc\u00eda-Page, visita las instalaciones del Centro Nacional del Hidr\u00f3geno"},"content":{"rendered":"<p>[:es]<strong>En el d\u00eda de hoy, el Presidente de la Junta de Comunidades de Castilla-La Mancha, D. Emiliano Garc\u00eda-Page, ha visitado las instalaciones del Centro Nacional de Experimentaci\u00f3n de Tecnolog\u00edas de Hidr\u00f3geno y Pilas de Combustible (CNH2) en su sede en Puertollano.<\/strong><\/p>\n<p><a href=\"https:\/\/www.cnh2.es\/wp-content\/uploads\/2017\/07\/demostrador_edificio_eficiente.jpg\" target=\"_blank\" rel=\"noopener noreferrer\"><img loading=\"lazy\" decoding=\"async\" class=\"alignleft wp-image-9129 size-medium\" src=\"https:\/\/www.cnh2.es\/wp-content\/uploads\/2017\/07\/demostrador_edificio_eficiente-300x169.jpg\" alt=\"\" width=\"300\" height=\"169\" srcset=\"https:\/\/www.cnh2.es\/wp-content\/uploads\/2017\/07\/demostrador_edificio_eficiente-300x169.jpg 300w, https:\/\/www.cnh2.es\/wp-content\/uploads\/2017\/07\/demostrador_edificio_eficiente-768x434.jpg 768w, https:\/\/www.cnh2.es\/wp-content\/uploads\/2017\/07\/demostrador_edificio_eficiente-705x398.jpg 705w, https:\/\/www.cnh2.es\/wp-content\/uploads\/2017\/07\/demostrador_edificio_eficiente-450x254.jpg 450w, https:\/\/www.cnh2.es\/wp-content\/uploads\/2017\/07\/demostrador_edificio_eficiente.jpg 804w\" sizes=\"auto, (max-width: 300px) 100vw, 300px\" \/><\/a>La visita ha sido dirigida por el director y la directora gerente del Centro Nacional del Hidr\u00f3geno, Dr. D. Emilio Nieto Gallego y\u00a0D\u00aa Mar\u00eda Ja\u00e9n Caparr\u00f3s y en ella\u00a0tambi\u00e9n ha contado con la presencia de\u00a0la alcaldesa de Puertollano, Mayte Fern\u00e1ndez; el presidente de la Diputaci\u00f3n, Jos\u00e9 Manuel Caballero; la consejera de Econom\u00eda, Empresas y Empleo, Patricia Franco; as\u00ed como otras autoridades y responsables de este centro de investigaci\u00f3n.<\/p>\n<p>El presidente regional ha ofrecido\u00a0su total apoyo al Centro Nacional del Hidr\u00f3geno,\u00a0que conoc\u00eda tras la visita a sus instalaciones. \u201cTenemos un compromiso que ya vamos a empezar a cumplir con los presupuestos que ahora est\u00e1n en trance, mantener un objetivo de tener presupuesto de investigaci\u00f3n siempre por encima del presupuesto de gasto no financiero\u201d.<\/p>\n<p>As\u00ed, Page hablaba de llevar a cabo una Ley sobre Ciencia e Innovaci\u00f3n que a partir de oto\u00f1o se incorporar\u00e1 al Parlamento regional y que conllevar\u00e1 un organismo coordinador y una agencia de investigaci\u00f3n para potenciar la investigaci\u00f3n en la comunidad aut\u00f3noma y que, sin duda, repercutir\u00e1 de manera directa en el Centro Nacional del Hidr\u00f3geno de Puertollano como uno de los centros tecnol\u00f3gicos-cient\u00edficos.<\/p>\n<p><a href=\"https:\/\/www.cnh2.es\/wp-content\/uploads\/2017\/07\/page-hidrogenera.jpg\" target=\"_blank\" rel=\"noopener noreferrer\"><img loading=\"lazy\" decoding=\"async\" class=\"size-medium wp-image-9128 alignleft\" src=\"https:\/\/www.cnh2.es\/wp-content\/uploads\/2017\/07\/page-hidrogenera-300x225.jpg\" alt=\"\" width=\"300\" height=\"225\" srcset=\"https:\/\/www.cnh2.es\/wp-content\/uploads\/2017\/07\/page-hidrogenera-300x225.jpg 300w, https:\/\/www.cnh2.es\/wp-content\/uploads\/2017\/07\/page-hidrogenera-768x576.jpg 768w, https:\/\/www.cnh2.es\/wp-content\/uploads\/2017\/07\/page-hidrogenera-705x529.jpg 705w, https:\/\/www.cnh2.es\/wp-content\/uploads\/2017\/07\/page-hidrogenera-450x338.jpg 450w, https:\/\/www.cnh2.es\/wp-content\/uploads\/2017\/07\/page-hidrogenera.jpg 949w\" sizes=\"auto, (max-width: 300px) 100vw, 300px\" \/><\/a>Durante su visita, el\u00a0presidente\u00a0de Castilla-La Mancha ha conocido de primera mano diversas instalaciones del\u00a0Centro Nacional de Experimentaci\u00f3n en Tecnolog\u00edas del Hidr\u00f3geno y Pilas de Combustible de Puertollano, que responden a las l\u00edneas estrat\u00e9gicas que son la base de desarrollo de sus laboratorios y de las actividades tanto externas como internas. Concretamente, el\u00a0presidente\u00a0regional ha podido comprobar in situ el funcionamiento de los laboratorios de\u00a0caracterizaci\u00f3n de materiales, el demostrador de edificio eficiente energ\u00e9ticamente, los laboratorios de testeo de Tecnolog\u00eda PEM, veh\u00edculos e integraci\u00f3n dom\u00e9stica, as\u00ed como la estaci\u00f3n de repostaje de hidr\u00f3geno o Hidrogenera a 350 bares.<\/p>\n<p><a href=\"https:\/\/www.cnh2.es\/wp-content\/uploads\/2017\/07\/hidrogenera.jpg\" target=\"_blank\" rel=\"noopener noreferrer\"><img loading=\"lazy\" decoding=\"async\" class=\"alignnone size-medium wp-image-9131\" src=\"https:\/\/www.cnh2.es\/wp-content\/uploads\/2017\/07\/hidrogenera-300x169.jpg\" alt=\"\" width=\"300\" height=\"169\" srcset=\"https:\/\/www.cnh2.es\/wp-content\/uploads\/2017\/07\/hidrogenera-300x169.jpg 300w, https:\/\/www.cnh2.es\/wp-content\/uploads\/2017\/07\/hidrogenera-768x434.jpg 768w, https:\/\/www.cnh2.es\/wp-content\/uploads\/2017\/07\/hidrogenera-705x398.jpg 705w, https:\/\/www.cnh2.es\/wp-content\/uploads\/2017\/07\/hidrogenera-450x254.jpg 450w, https:\/\/www.cnh2.es\/wp-content\/uploads\/2017\/07\/hidrogenera.jpg 804w\" sizes=\"auto, (max-width: 300px) 100vw, 300px\" \/><\/a> <a href=\"https:\/\/www.cnh2.es\/wp-content\/uploads\/2017\/07\/Lab_Caracterizaci\u00f3n.jpg\" target=\"_blank\" rel=\"noopener noreferrer\"><img loading=\"lazy\" decoding=\"async\" class=\"alignnone size-medium wp-image-9132\" src=\"https:\/\/www.cnh2.es\/wp-content\/uploads\/2017\/07\/Lab_Caracterizaci\u00f3n-300x183.jpg\" alt=\"\" width=\"300\" height=\"183\" srcset=\"https:\/\/www.cnh2.es\/wp-content\/uploads\/2017\/07\/Lab_Caracterizaci\u00f3n-300x183.jpg 300w, https:\/\/www.cnh2.es\/wp-content\/uploads\/2017\/07\/Lab_Caracterizaci\u00f3n-768x469.jpg 768w, https:\/\/www.cnh2.es\/wp-content\/uploads\/2017\/07\/Lab_Caracterizaci\u00f3n-1030x630.jpg 1030w, https:\/\/www.cnh2.es\/wp-content\/uploads\/2017\/07\/Lab_Caracterizaci\u00f3n-705x431.jpg 705w, https:\/\/www.cnh2.es\/wp-content\/uploads\/2017\/07\/Lab_Caracterizaci\u00f3n-450x275.jpg 450w, https:\/\/www.cnh2.es\/wp-content\/uploads\/2017\/07\/Lab_Caracterizaci\u00f3n.jpg 1286w\" sizes=\"auto, (max-width: 300px) 100vw, 300px\" \/><\/a>[:]<\/p>\n","protected":false},"excerpt":{"rendered":"<p>[:es]En el d\u00eda de hoy, el Presidente de la Junta de Comunidades de Castilla-La Mancha, D. Emiliano Garc\u00eda-Page, ha visitado las instalaciones del Centro Nacional de Experimentaci\u00f3n de Tecnolog\u00edas de Hidr\u00f3geno y Pilas de Combustible (CNH2) en su sede en Puertollano. La visita ha sido dirigida por el director y la directora gerente del Centro [&hellip;]<\/p>\n","protected":false},"author":2,"featured_media":9126,"comment_status":"closed","ping_status":"closed","sticky":false,"template":"","format":"standard","meta":{"_lmt_disableupdate":"","_lmt_disable":"","footnotes":""},"categories":[100],"tags":[],"class_list":["post-9124","post","type-post","status-publish","format-standard","has-post-thumbnail","hentry","category-cnh2-news"],"yoast_head":"<!-- This site is optimized with the Yoast SEO plugin v27.4 - https:\/\/yoast.com\/product\/yoast-seo-wordpress\/ -->\n<title>El Presidente de Castilla-La Mancha, D. Emiliano Garc\u00eda-Page, visita las instalaciones del Centro Nacional del Hidr\u00f3geno - Centro Nacional del Hidr\u00f3geno<\/title>\n<meta name=\"robots\" content=\"index, follow, max-snippet:-1, max-image-preview:large, max-video-preview:-1\" \/>\n<link rel=\"canonical\" href=\"https:\/\/www.cnh2.es\/en\/2017\/07\/24\/el-presidente-de-castilla-la-mancha-d-emiliano-garcia-page-visita-las-instalaciones-del-centro-nacional-del-hidrogeno\/\" \/>\n<meta property=\"og:locale\" content=\"en_US\" \/>\n<meta property=\"og:type\" content=\"article\" \/>\n<meta property=\"og:title\" content=\"El Presidente de Castilla-La Mancha, D. Emiliano Garc\u00eda-Page, visita las instalaciones del Centro Nacional del Hidr\u00f3geno - Centro Nacional del Hidr\u00f3geno\" \/>\n<meta property=\"og:description\" content=\"[:es]En el d\u00eda de hoy, el Presidente de la Junta de Comunidades de Castilla-La Mancha, D. Emiliano Garc\u00eda-Page, ha visitado las instalaciones del Centro Nacional de Experimentaci\u00f3n de Tecnolog\u00edas de Hidr\u00f3geno y Pilas de Combustible (CNH2) en su sede en Puertollano. La visita ha sido dirigida por el director y la directora gerente del Centro [&hellip;]\" \/>\n<meta property=\"og:url\" content=\"https:\/\/www.cnh2.es\/en\/2017\/07\/24\/el-presidente-de-castilla-la-mancha-d-emiliano-garcia-page-visita-las-instalaciones-del-centro-nacional-del-hidrogeno\/\" \/>\n<meta property=\"og:site_name\" content=\"Centro Nacional del Hidr\u00f3geno\" \/>\n<meta property=\"article:published_time\" content=\"2017-07-24T16:00:23+00:00\" \/>\n<meta property=\"og:image\" content=\"https:\/\/www.cnh2.es\/wp-content\/uploads\/2017\/07\/Presidente_castilla_la_mancha.jpg\" \/>\n\t<meta property=\"og:image:width\" content=\"2256\" \/>\n\t<meta property=\"og:image:height\" content=\"1504\" \/>\n\t<meta property=\"og:image:type\" content=\"image\/jpeg\" \/>\n<meta name=\"author\" content=\"cnh2\" \/>\n<meta name=\"twitter:card\" content=\"summary_large_image\" \/>\n<meta name=\"twitter:label1\" content=\"Written by\" \/>\n\t<meta name=\"twitter:data1\" content=\"cnh2\" \/>\n\t<meta name=\"twitter:label2\" content=\"Est. reading time\" \/>\n\t<meta name=\"twitter:data2\" content=\"2 minutes\" \/>\n<script type=\"application\/ld+json\" class=\"yoast-schema-graph\">{\"@context\":\"https:\\\/\\\/schema.org\",\"@graph\":[{\"@type\":\"Article\",\"@id\":\"https:\\\/\\\/www.cnh2.es\\\/en\\\/2017\\\/07\\\/24\\\/el-presidente-de-castilla-la-mancha-d-emiliano-garcia-page-visita-las-instalaciones-del-centro-nacional-del-hidrogeno\\\/#article\",\"isPartOf\":{\"@id\":\"https:\\\/\\\/www.cnh2.es\\\/en\\\/2017\\\/07\\\/24\\\/el-presidente-de-castilla-la-mancha-d-emiliano-garcia-page-visita-las-instalaciones-del-centro-nacional-del-hidrogeno\\\/\"},\"author\":{\"name\":\"cnh2\",\"@id\":\"https:\\\/\\\/www.cnh2.es\\\/#\\\/schema\\\/person\\\/c7e71b9e0bb7fc06b5c90f489a3b08c9\"},\"headline\":\"El Presidente de Castilla-La Mancha, D. Emiliano Garc\u00eda-Page, visita las instalaciones del Centro Nacional del Hidr\u00f3geno\",\"datePublished\":\"2017-07-24T16:00:23+00:00\",\"mainEntityOfPage\":{\"@id\":\"https:\\\/\\\/www.cnh2.es\\\/en\\\/2017\\\/07\\\/24\\\/el-presidente-de-castilla-la-mancha-d-emiliano-garcia-page-visita-las-instalaciones-del-centro-nacional-del-hidrogeno\\\/\"},\"wordCount\":390,\"image\":{\"@id\":\"https:\\\/\\\/www.cnh2.es\\\/en\\\/2017\\\/07\\\/24\\\/el-presidente-de-castilla-la-mancha-d-emiliano-garcia-page-visita-las-instalaciones-del-centro-nacional-del-hidrogeno\\\/#primaryimage\"},\"thumbnailUrl\":\"https:\\\/\\\/www.cnh2.es\\\/wp-content\\\/uploads\\\/2017\\\/07\\\/Presidente_castilla_la_mancha.jpg\",\"articleSection\":[\"CNH2 News\"],\"inLanguage\":\"en-US\"},{\"@type\":\"WebPage\",\"@id\":\"https:\\\/\\\/www.cnh2.es\\\/en\\\/2017\\\/07\\\/24\\\/el-presidente-de-castilla-la-mancha-d-emiliano-garcia-page-visita-las-instalaciones-del-centro-nacional-del-hidrogeno\\\/\",\"url\":\"https:\\\/\\\/www.cnh2.es\\\/en\\\/2017\\\/07\\\/24\\\/el-presidente-de-castilla-la-mancha-d-emiliano-garcia-page-visita-las-instalaciones-del-centro-nacional-del-hidrogeno\\\/\",\"name\":\"El Presidente de Castilla-La Mancha, D. Emiliano Garc\u00eda-Page, visita las instalaciones del Centro Nacional del Hidr\u00f3geno - Centro Nacional del Hidr\u00f3geno\",\"isPartOf\":{\"@id\":\"https:\\\/\\\/www.cnh2.es\\\/#website\"},\"primaryImageOfPage\":{\"@id\":\"https:\\\/\\\/www.cnh2.es\\\/en\\\/2017\\\/07\\\/24\\\/el-presidente-de-castilla-la-mancha-d-emiliano-garcia-page-visita-las-instalaciones-del-centro-nacional-del-hidrogeno\\\/#primaryimage\"},\"image\":{\"@id\":\"https:\\\/\\\/www.cnh2.es\\\/en\\\/2017\\\/07\\\/24\\\/el-presidente-de-castilla-la-mancha-d-emiliano-garcia-page-visita-las-instalaciones-del-centro-nacional-del-hidrogeno\\\/#primaryimage\"},\"thumbnailUrl\":\"https:\\\/\\\/www.cnh2.es\\\/wp-content\\\/uploads\\\/2017\\\/07\\\/Presidente_castilla_la_mancha.jpg\",\"datePublished\":\"2017-07-24T16:00:23+00:00\",\"author\":{\"@id\":\"https:\\\/\\\/www.cnh2.es\\\/#\\\/schema\\\/person\\\/c7e71b9e0bb7fc06b5c90f489a3b08c9\"},\"breadcrumb\":{\"@id\":\"https:\\\/\\\/www.cnh2.es\\\/en\\\/2017\\\/07\\\/24\\\/el-presidente-de-castilla-la-mancha-d-emiliano-garcia-page-visita-las-instalaciones-del-centro-nacional-del-hidrogeno\\\/#breadcrumb\"},\"inLanguage\":\"en-US\",\"potentialAction\":[{\"@type\":\"ReadAction\",\"target\":[\"https:\\\/\\\/www.cnh2.es\\\/en\\\/2017\\\/07\\\/24\\\/el-presidente-de-castilla-la-mancha-d-emiliano-garcia-page-visita-las-instalaciones-del-centro-nacional-del-hidrogeno\\\/\"]}]},{\"@type\":\"ImageObject\",\"inLanguage\":\"en-US\",\"@id\":\"https:\\\/\\\/www.cnh2.es\\\/en\\\/2017\\\/07\\\/24\\\/el-presidente-de-castilla-la-mancha-d-emiliano-garcia-page-visita-las-instalaciones-del-centro-nacional-del-hidrogeno\\\/#primaryimage\",\"url\":\"https:\\\/\\\/www.cnh2.es\\\/wp-content\\\/uploads\\\/2017\\\/07\\\/Presidente_castilla_la_mancha.jpg\",\"contentUrl\":\"https:\\\/\\\/www.cnh2.es\\\/wp-content\\\/uploads\\\/2017\\\/07\\\/Presidente_castilla_la_mancha.jpg\",\"width\":2256,\"height\":1504},{\"@type\":\"BreadcrumbList\",\"@id\":\"https:\\\/\\\/www.cnh2.es\\\/en\\\/2017\\\/07\\\/24\\\/el-presidente-de-castilla-la-mancha-d-emiliano-garcia-page-visita-las-instalaciones-del-centro-nacional-del-hidrogeno\\\/#breadcrumb\",\"itemListElement\":[{\"@type\":\"ListItem\",\"position\":1,\"name\":\"Home\",\"item\":\"https:\\\/\\\/www.cnh2.es\\\/en\\\/\"},{\"@type\":\"ListItem\",\"position\":2,\"name\":\"El Presidente de Castilla-La Mancha, D. Emiliano Garc\u00eda-Page, visita las instalaciones del Centro Nacional del Hidr\u00f3geno\"}]},{\"@type\":\"WebSite\",\"@id\":\"https:\\\/\\\/www.cnh2.es\\\/#website\",\"url\":\"https:\\\/\\\/www.cnh2.es\\\/\",\"name\":\"Centro Nacional del Hidr\u00f3geno\",\"description\":\"El Centro Nacional del Hidr\u00f3geno (CNH2), es una instalaci\u00f3n de nueva creaci\u00f3n dedicada en exclusividad a la investigaci\u00f3n y desarrollo de las tecnolog\u00edas del...\",\"potentialAction\":[{\"@type\":\"SearchAction\",\"target\":{\"@type\":\"EntryPoint\",\"urlTemplate\":\"https:\\\/\\\/www.cnh2.es\\\/?s={search_term_string}\"},\"query-input\":{\"@type\":\"PropertyValueSpecification\",\"valueRequired\":true,\"valueName\":\"search_term_string\"}}],\"inLanguage\":\"en-US\"},{\"@type\":\"Person\",\"@id\":\"https:\\\/\\\/www.cnh2.es\\\/#\\\/schema\\\/person\\\/c7e71b9e0bb7fc06b5c90f489a3b08c9\",\"name\":\"cnh2\",\"image\":{\"@type\":\"ImageObject\",\"inLanguage\":\"en-US\",\"@id\":\"https:\\\/\\\/secure.gravatar.com\\\/avatar\\\/3f38779628ec8f379d10b11b1983755d8d5ceb434c57e13b8b1e62ad66b9800f?s=96&d=mm&r=g\",\"url\":\"https:\\\/\\\/secure.gravatar.com\\\/avatar\\\/3f38779628ec8f379d10b11b1983755d8d5ceb434c57e13b8b1e62ad66b9800f?s=96&d=mm&r=g\",\"contentUrl\":\"https:\\\/\\\/secure.gravatar.com\\\/avatar\\\/3f38779628ec8f379d10b11b1983755d8d5ceb434c57e13b8b1e62ad66b9800f?s=96&d=mm&r=g\",\"caption\":\"cnh2\"}}]}<\/script>\n<!-- \/ Yoast SEO plugin. -->","yoast_head_json":{"title":"El Presidente de Castilla-La Mancha, D. Emiliano Garc\u00eda-Page, visita las instalaciones del Centro Nacional del Hidr\u00f3geno - Centro Nacional del Hidr\u00f3geno","robots":{"index":"index","follow":"follow","max-snippet":"max-snippet:-1","max-image-preview":"max-image-preview:large","max-video-preview":"max-video-preview:-1"},"canonical":"https:\/\/www.cnh2.es\/en\/2017\/07\/24\/el-presidente-de-castilla-la-mancha-d-emiliano-garcia-page-visita-las-instalaciones-del-centro-nacional-del-hidrogeno\/","og_locale":"en_US","og_type":"article","og_title":"El Presidente de Castilla-La Mancha, D. Emiliano Garc\u00eda-Page, visita las instalaciones del Centro Nacional del Hidr\u00f3geno - Centro Nacional del Hidr\u00f3geno","og_description":"[:es]En el d\u00eda de hoy, el Presidente de la Junta de Comunidades de Castilla-La Mancha, D. Emiliano Garc\u00eda-Page, ha visitado las instalaciones del Centro Nacional de Experimentaci\u00f3n de Tecnolog\u00edas de Hidr\u00f3geno y Pilas de Combustible (CNH2) en su sede en Puertollano. La visita ha sido dirigida por el director y la directora gerente del Centro [&hellip;]","og_url":"https:\/\/www.cnh2.es\/en\/2017\/07\/24\/el-presidente-de-castilla-la-mancha-d-emiliano-garcia-page-visita-las-instalaciones-del-centro-nacional-del-hidrogeno\/","og_site_name":"Centro Nacional del Hidr\u00f3geno","article_published_time":"2017-07-24T16:00:23+00:00","og_image":[{"width":2256,"height":1504,"url":"https:\/\/www.cnh2.es\/wp-content\/uploads\/2017\/07\/Presidente_castilla_la_mancha.jpg","type":"image\/jpeg"}],"author":"cnh2","twitter_card":"summary_large_image","twitter_misc":{"Written by":"cnh2","Est. reading time":"2 minutes"},"schema":{"@context":"https:\/\/schema.org","@graph":[{"@type":"Article","@id":"https:\/\/www.cnh2.es\/en\/2017\/07\/24\/el-presidente-de-castilla-la-mancha-d-emiliano-garcia-page-visita-las-instalaciones-del-centro-nacional-del-hidrogeno\/#article","isPartOf":{"@id":"https:\/\/www.cnh2.es\/en\/2017\/07\/24\/el-presidente-de-castilla-la-mancha-d-emiliano-garcia-page-visita-las-instalaciones-del-centro-nacional-del-hidrogeno\/"},"author":{"name":"cnh2","@id":"https:\/\/www.cnh2.es\/#\/schema\/person\/c7e71b9e0bb7fc06b5c90f489a3b08c9"},"headline":"El Presidente de Castilla-La Mancha, D. Emiliano Garc\u00eda-Page, visita las instalaciones del Centro Nacional del Hidr\u00f3geno","datePublished":"2017-07-24T16:00:23+00:00","mainEntityOfPage":{"@id":"https:\/\/www.cnh2.es\/en\/2017\/07\/24\/el-presidente-de-castilla-la-mancha-d-emiliano-garcia-page-visita-las-instalaciones-del-centro-nacional-del-hidrogeno\/"},"wordCount":390,"image":{"@id":"https:\/\/www.cnh2.es\/en\/2017\/07\/24\/el-presidente-de-castilla-la-mancha-d-emiliano-garcia-page-visita-las-instalaciones-del-centro-nacional-del-hidrogeno\/#primaryimage"},"thumbnailUrl":"https:\/\/www.cnh2.es\/wp-content\/uploads\/2017\/07\/Presidente_castilla_la_mancha.jpg","articleSection":["CNH2 News"],"inLanguage":"en-US"},{"@type":"WebPage","@id":"https:\/\/www.cnh2.es\/en\/2017\/07\/24\/el-presidente-de-castilla-la-mancha-d-emiliano-garcia-page-visita-las-instalaciones-del-centro-nacional-del-hidrogeno\/","url":"https:\/\/www.cnh2.es\/en\/2017\/07\/24\/el-presidente-de-castilla-la-mancha-d-emiliano-garcia-page-visita-las-instalaciones-del-centro-nacional-del-hidrogeno\/","name":"El Presidente de Castilla-La Mancha, D. Emiliano Garc\u00eda-Page, visita las instalaciones del Centro Nacional del Hidr\u00f3geno - Centro Nacional del Hidr\u00f3geno","isPartOf":{"@id":"https:\/\/www.cnh2.es\/#website"},"primaryImageOfPage":{"@id":"https:\/\/www.cnh2.es\/en\/2017\/07\/24\/el-presidente-de-castilla-la-mancha-d-emiliano-garcia-page-visita-las-instalaciones-del-centro-nacional-del-hidrogeno\/#primaryimage"},"image":{"@id":"https:\/\/www.cnh2.es\/en\/2017\/07\/24\/el-presidente-de-castilla-la-mancha-d-emiliano-garcia-page-visita-las-instalaciones-del-centro-nacional-del-hidrogeno\/#primaryimage"},"thumbnailUrl":"https:\/\/www.cnh2.es\/wp-content\/uploads\/2017\/07\/Presidente_castilla_la_mancha.jpg","datePublished":"2017-07-24T16:00:23+00:00","author":{"@id":"https:\/\/www.cnh2.es\/#\/schema\/person\/c7e71b9e0bb7fc06b5c90f489a3b08c9"},"breadcrumb":{"@id":"https:\/\/www.cnh2.es\/en\/2017\/07\/24\/el-presidente-de-castilla-la-mancha-d-emiliano-garcia-page-visita-las-instalaciones-del-centro-nacional-del-hidrogeno\/#breadcrumb"},"inLanguage":"en-US","potentialAction":[{"@type":"ReadAction","target":["https:\/\/www.cnh2.es\/en\/2017\/07\/24\/el-presidente-de-castilla-la-mancha-d-emiliano-garcia-page-visita-las-instalaciones-del-centro-nacional-del-hidrogeno\/"]}]},{"@type":"ImageObject","inLanguage":"en-US","@id":"https:\/\/www.cnh2.es\/en\/2017\/07\/24\/el-presidente-de-castilla-la-mancha-d-emiliano-garcia-page-visita-las-instalaciones-del-centro-nacional-del-hidrogeno\/#primaryimage","url":"https:\/\/www.cnh2.es\/wp-content\/uploads\/2017\/07\/Presidente_castilla_la_mancha.jpg","contentUrl":"https:\/\/www.cnh2.es\/wp-content\/uploads\/2017\/07\/Presidente_castilla_la_mancha.jpg","width":2256,"height":1504},{"@type":"BreadcrumbList","@id":"https:\/\/www.cnh2.es\/en\/2017\/07\/24\/el-presidente-de-castilla-la-mancha-d-emiliano-garcia-page-visita-las-instalaciones-del-centro-nacional-del-hidrogeno\/#breadcrumb","itemListElement":[{"@type":"ListItem","position":1,"name":"Home","item":"https:\/\/www.cnh2.es\/en\/"},{"@type":"ListItem","position":2,"name":"El Presidente de Castilla-La Mancha, D. Emiliano Garc\u00eda-Page, visita las instalaciones del Centro Nacional del Hidr\u00f3geno"}]},{"@type":"WebSite","@id":"https:\/\/www.cnh2.es\/#website","url":"https:\/\/www.cnh2.es\/","name":"Centro Nacional del Hidr\u00f3geno","description":"El Centro Nacional del Hidr\u00f3geno (CNH2), es una instalaci\u00f3n de nueva creaci\u00f3n dedicada en exclusividad a la investigaci\u00f3n y desarrollo de las tecnolog\u00edas del...","potentialAction":[{"@type":"SearchAction","target":{"@type":"EntryPoint","urlTemplate":"https:\/\/www.cnh2.es\/?s={search_term_string}"},"query-input":{"@type":"PropertyValueSpecification","valueRequired":true,"valueName":"search_term_string"}}],"inLanguage":"en-US"},{"@type":"Person","@id":"https:\/\/www.cnh2.es\/#\/schema\/person\/c7e71b9e0bb7fc06b5c90f489a3b08c9","name":"cnh2","image":{"@type":"ImageObject","inLanguage":"en-US","@id":"https:\/\/secure.gravatar.com\/avatar\/3f38779628ec8f379d10b11b1983755d8d5ceb434c57e13b8b1e62ad66b9800f?s=96&d=mm&r=g","url":"https:\/\/secure.gravatar.com\/avatar\/3f38779628ec8f379d10b11b1983755d8d5ceb434c57e13b8b1e62ad66b9800f?s=96&d=mm&r=g","contentUrl":"https:\/\/secure.gravatar.com\/avatar\/3f38779628ec8f379d10b11b1983755d8d5ceb434c57e13b8b1e62ad66b9800f?s=96&d=mm&r=g","caption":"cnh2"}}]}},"modified_by":"Roberto Carlos Romero Molina","_links":{"self":[{"href":"https:\/\/www.cnh2.es\/en\/wp-json\/wp\/v2\/posts\/9124","targetHints":{"allow":["GET"]}}],"collection":[{"href":"https:\/\/www.cnh2.es\/en\/wp-json\/wp\/v2\/posts"}],"about":[{"href":"https:\/\/www.cnh2.es\/en\/wp-json\/wp\/v2\/types\/post"}],"author":[{"embeddable":true,"href":"https:\/\/www.cnh2.es\/en\/wp-json\/wp\/v2\/users\/2"}],"replies":[{"embeddable":true,"href":"https:\/\/www.cnh2.es\/en\/wp-json\/wp\/v2\/comments?post=9124"}],"version-history":[{"count":0,"href":"https:\/\/www.cnh2.es\/en\/wp-json\/wp\/v2\/posts\/9124\/revisions"}],"wp:featuredmedia":[{"embeddable":true,"href":"https:\/\/www.cnh2.es\/en\/wp-json\/wp\/v2\/media\/9126"}],"wp:attachment":[{"href":"https:\/\/www.cnh2.es\/en\/wp-json\/wp\/v2\/media?parent=9124"}],"wp:term":[{"taxonomy":"category","embeddable":true,"href":"https:\/\/www.cnh2.es\/en\/wp-json\/wp\/v2\/categories?post=9124"},{"taxonomy":"post_tag","embeddable":true,"href":"https:\/\/www.cnh2.es\/en\/wp-json\/wp\/v2\/tags?post=9124"}],"curies":[{"name":"wp","href":"https:\/\/api.w.org\/{rel}","templated":true}]}}