{"id":7413,"date":"2016-09-16T11:24:47","date_gmt":"2016-09-16T10:24:47","guid":{"rendered":"https:\/\/www.cnh2.es\/?p=7413"},"modified":"2016-09-16T11:24:47","modified_gmt":"2016-09-16T10:24:47","slug":"el-centro-nacional-del-hidrogeno-en-la-semana-europea-de-la-movilidad-2016-2","status":"publish","type":"post","link":"https:\/\/www.cnh2.es\/en\/2016\/09\/16\/el-centro-nacional-del-hidrogeno-en-la-semana-europea-de-la-movilidad-2016-2\/","title":{"rendered":"El Centro Nacional del Hidr\u00f3geno en la Semana Europea de la Movilidad 2016"},"content":{"rendered":"<p>[:es]<strong>Con motivo de la Semana Europea de la Movilidad que se celebrar\u00e1 entre los d\u00edas 18 y 25 de septiembre, la ciudad de Puertollano est\u00e1 organizando diversas actividades entre las que destacan varias acciones por parte del Centro Nacional del Hidr\u00f3geno, CNH2.<\/strong><\/p>\n<p>La Semana Europea de la Movilidad (SEM), es una campa\u00f1a de concienciaci\u00f3n dirigida a sensibilizar, tanto a los responsables pol\u00edticos como a los ciudadanos, sobre las consecuencias negativas que tiene el uso irracional del coche en la ciudad, tanto para la salud p\u00fablica como para el medio ambiente, y los beneficios del uso de modos de transporte m\u00e1s sostenibles.<\/p>\n<p>Para contribuir a esta concienciaci\u00f3n, el CNH2 participar\u00e1 con dos actividades los pr\u00f3ximos d\u00edas 19 y 21 de septiembre.<\/p>\n<p>Concretamente, el lunes d\u00eda 19, se ha organizado una Jornada de Puertas Abiertas en la que se mostrar\u00e1n las investigaciones llevadas a cabo en el campo de las tecnolog\u00edas de hidr\u00f3geno como combustible limpio y alternativo. Aprovechando el D\u00eda del Transporte P\u00fablico, los ciudadanos que lo deseen podr\u00e1n hacer uso del servicio de autobuses gratuito y participar en la visita al CNH2 que se realizar\u00e1 a <strong>las 13:00h<\/strong>. Si deseas asistir env\u00edanos un correo con tus datos personales a la siguiente direcci\u00f3n: <a href=\"mailto:divulgah2@cnh2.es\">divulgah2@cnh2.es<\/a>.<\/p>\n<p>Para continuar con las demostraciones del uso del hidr\u00f3geno como alternativa a los combustibles convencionales, para el d\u00eda 21 de septiembre el CNH2 ha preparado otra actividad dirigida a los m\u00e1s peque\u00f1os de la casa. En este caso todo el que lo desee podr\u00e1 participar en un torneo de Scalextric que funciona con pila de combustible o competir en carreras de coches de hidr\u00f3geno de juguete. Esta actividad se desarrollar\u00e1 en el Museo Municipal\u00a0de la ciudad de Puertollano en horario de 16:30 \u2013 18:00 h.<\/p>\n<p>An\u00edmate a participar!<\/p>\n<p><em><img loading=\"lazy\" decoding=\"async\" class=\" size-medium wp-image-4395 alignright\" src=\"https:\/\/www.cnh2.es\/wp-content\/uploads\/2014\/03\/logo_MINECO_FECYT_Web_color1-300x38.jpg\" alt=\"logo_MINECO_FECYT_Web_color\" width=\"300\" height=\"38\" srcset=\"https:\/\/www.cnh2.es\/wp-content\/uploads\/2014\/03\/logo_MINECO_FECYT_Web_color1-300x38.jpg 300w, https:\/\/www.cnh2.es\/wp-content\/uploads\/2014\/03\/logo_MINECO_FECYT_Web_color1-768x98.jpg 768w, https:\/\/www.cnh2.es\/wp-content\/uploads\/2014\/03\/logo_MINECO_FECYT_Web_color1-1030x131.jpg 1030w, https:\/\/www.cnh2.es\/wp-content\/uploads\/2014\/03\/logo_MINECO_FECYT_Web_color1-1500x191.jpg 1500w, https:\/\/www.cnh2.es\/wp-content\/uploads\/2014\/03\/logo_MINECO_FECYT_Web_color1-705x90.jpg 705w, https:\/\/www.cnh2.es\/wp-content\/uploads\/2014\/03\/logo_MINECO_FECYT_Web_color1-450x57.jpg 450w\" sizes=\"auto, (max-width: 300px) 100vw, 300px\" \/>Actividad desarrollada dentro del programa de actividades 2016<\/em><em>de la UCC+i-CNH2, financiado por la Fundaci\u00f3n Espa\u00f1ola para la Ciencia y la Tecnolog\u00eda \u2013 Ministerio de Econom\u00eda y Competitividad<\/em>[:]<\/p>\n","protected":false},"excerpt":{"rendered":"<p>[:es]Con motivo de la Semana Europea de la Movilidad que se celebrar\u00e1 entre los d\u00edas 18 y 25 de septiembre, la ciudad de Puertollano est\u00e1 organizando diversas actividades entre las que destacan varias acciones por parte del Centro Nacional del Hidr\u00f3geno, CNH2. La Semana Europea de la Movilidad (SEM), es una campa\u00f1a de concienciaci\u00f3n dirigida [&hellip;]<\/p>\n","protected":false},"author":2,"featured_media":7420,"comment_status":"closed","ping_status":"closed","sticky":false,"template":"","format":"standard","meta":{"_lmt_disableupdate":"","_lmt_disable":"","footnotes":""},"categories":[100],"tags":[],"class_list":["post-7413","post","type-post","status-publish","format-standard","has-post-thumbnail","hentry","category-cnh2-news"],"yoast_head":"<!-- This site is optimized with the Yoast SEO plugin v27.4 - https:\/\/yoast.com\/product\/yoast-seo-wordpress\/ -->\n<title>El Centro Nacional del Hidr\u00f3geno en la Semana Europea de la Movilidad 2016 - Centro Nacional del Hidr\u00f3geno<\/title>\n<meta name=\"robots\" content=\"index, follow, max-snippet:-1, max-image-preview:large, max-video-preview:-1\" \/>\n<link rel=\"canonical\" href=\"https:\/\/www.cnh2.es\/en\/2016\/09\/16\/el-centro-nacional-del-hidrogeno-en-la-semana-europea-de-la-movilidad-2016-2\/\" \/>\n<meta property=\"og:locale\" content=\"en_US\" \/>\n<meta property=\"og:type\" content=\"article\" \/>\n<meta property=\"og:title\" content=\"El Centro Nacional del Hidr\u00f3geno en la Semana Europea de la Movilidad 2016 - Centro Nacional del Hidr\u00f3geno\" \/>\n<meta property=\"og:description\" content=\"[:es]Con motivo de la Semana Europea de la Movilidad que se celebrar\u00e1 entre los d\u00edas 18 y 25 de septiembre, la ciudad de Puertollano est\u00e1 organizando diversas actividades entre las que destacan varias acciones por parte del Centro Nacional del Hidr\u00f3geno, CNH2. La Semana Europea de la Movilidad (SEM), es una campa\u00f1a de concienciaci\u00f3n dirigida [&hellip;]\" \/>\n<meta property=\"og:url\" content=\"https:\/\/www.cnh2.es\/en\/2016\/09\/16\/el-centro-nacional-del-hidrogeno-en-la-semana-europea-de-la-movilidad-2016-2\/\" \/>\n<meta property=\"og:site_name\" content=\"Centro Nacional del Hidr\u00f3geno\" \/>\n<meta property=\"article:published_time\" content=\"2016-09-16T10:24:47+00:00\" \/>\n<meta property=\"og:image\" content=\"https:\/\/www.cnh2.es\/wp-content\/uploads\/2016\/09\/Semana-de-la-Movilidad-2.png\" \/>\n\t<meta property=\"og:image:width\" content=\"809\" \/>\n\t<meta property=\"og:image:height\" content=\"154\" \/>\n\t<meta property=\"og:image:type\" content=\"image\/png\" \/>\n<meta name=\"author\" content=\"cnh2\" \/>\n<meta name=\"twitter:card\" content=\"summary_large_image\" \/>\n<meta name=\"twitter:label1\" content=\"Written by\" \/>\n\t<meta name=\"twitter:data1\" content=\"cnh2\" \/>\n\t<meta name=\"twitter:label2\" content=\"Est. reading time\" \/>\n\t<meta name=\"twitter:data2\" content=\"2 minutes\" \/>\n<script type=\"application\/ld+json\" class=\"yoast-schema-graph\">{\"@context\":\"https:\\\/\\\/schema.org\",\"@graph\":[{\"@type\":\"Article\",\"@id\":\"https:\\\/\\\/www.cnh2.es\\\/en\\\/2016\\\/09\\\/16\\\/el-centro-nacional-del-hidrogeno-en-la-semana-europea-de-la-movilidad-2016-2\\\/#article\",\"isPartOf\":{\"@id\":\"https:\\\/\\\/www.cnh2.es\\\/en\\\/2016\\\/09\\\/16\\\/el-centro-nacional-del-hidrogeno-en-la-semana-europea-de-la-movilidad-2016-2\\\/\"},\"author\":{\"name\":\"cnh2\",\"@id\":\"https:\\\/\\\/www.cnh2.es\\\/#\\\/schema\\\/person\\\/c7e71b9e0bb7fc06b5c90f489a3b08c9\"},\"headline\":\"El Centro Nacional del Hidr\u00f3geno en la Semana Europea de la Movilidad 2016\",\"datePublished\":\"2016-09-16T10:24:47+00:00\",\"mainEntityOfPage\":{\"@id\":\"https:\\\/\\\/www.cnh2.es\\\/en\\\/2016\\\/09\\\/16\\\/el-centro-nacional-del-hidrogeno-en-la-semana-europea-de-la-movilidad-2016-2\\\/\"},\"wordCount\":355,\"image\":{\"@id\":\"https:\\\/\\\/www.cnh2.es\\\/en\\\/2016\\\/09\\\/16\\\/el-centro-nacional-del-hidrogeno-en-la-semana-europea-de-la-movilidad-2016-2\\\/#primaryimage\"},\"thumbnailUrl\":\"https:\\\/\\\/www.cnh2.es\\\/wp-content\\\/uploads\\\/2016\\\/09\\\/Semana-de-la-Movilidad-2.png\",\"articleSection\":[\"CNH2 News\"],\"inLanguage\":\"en-US\"},{\"@type\":\"WebPage\",\"@id\":\"https:\\\/\\\/www.cnh2.es\\\/en\\\/2016\\\/09\\\/16\\\/el-centro-nacional-del-hidrogeno-en-la-semana-europea-de-la-movilidad-2016-2\\\/\",\"url\":\"https:\\\/\\\/www.cnh2.es\\\/en\\\/2016\\\/09\\\/16\\\/el-centro-nacional-del-hidrogeno-en-la-semana-europea-de-la-movilidad-2016-2\\\/\",\"name\":\"El Centro Nacional del Hidr\u00f3geno en la Semana Europea de la Movilidad 2016 - Centro Nacional del Hidr\u00f3geno\",\"isPartOf\":{\"@id\":\"https:\\\/\\\/www.cnh2.es\\\/#website\"},\"primaryImageOfPage\":{\"@id\":\"https:\\\/\\\/www.cnh2.es\\\/en\\\/2016\\\/09\\\/16\\\/el-centro-nacional-del-hidrogeno-en-la-semana-europea-de-la-movilidad-2016-2\\\/#primaryimage\"},\"image\":{\"@id\":\"https:\\\/\\\/www.cnh2.es\\\/en\\\/2016\\\/09\\\/16\\\/el-centro-nacional-del-hidrogeno-en-la-semana-europea-de-la-movilidad-2016-2\\\/#primaryimage\"},\"thumbnailUrl\":\"https:\\\/\\\/www.cnh2.es\\\/wp-content\\\/uploads\\\/2016\\\/09\\\/Semana-de-la-Movilidad-2.png\",\"datePublished\":\"2016-09-16T10:24:47+00:00\",\"author\":{\"@id\":\"https:\\\/\\\/www.cnh2.es\\\/#\\\/schema\\\/person\\\/c7e71b9e0bb7fc06b5c90f489a3b08c9\"},\"breadcrumb\":{\"@id\":\"https:\\\/\\\/www.cnh2.es\\\/en\\\/2016\\\/09\\\/16\\\/el-centro-nacional-del-hidrogeno-en-la-semana-europea-de-la-movilidad-2016-2\\\/#breadcrumb\"},\"inLanguage\":\"en-US\",\"potentialAction\":[{\"@type\":\"ReadAction\",\"target\":[\"https:\\\/\\\/www.cnh2.es\\\/en\\\/2016\\\/09\\\/16\\\/el-centro-nacional-del-hidrogeno-en-la-semana-europea-de-la-movilidad-2016-2\\\/\"]}]},{\"@type\":\"ImageObject\",\"inLanguage\":\"en-US\",\"@id\":\"https:\\\/\\\/www.cnh2.es\\\/en\\\/2016\\\/09\\\/16\\\/el-centro-nacional-del-hidrogeno-en-la-semana-europea-de-la-movilidad-2016-2\\\/#primaryimage\",\"url\":\"https:\\\/\\\/www.cnh2.es\\\/wp-content\\\/uploads\\\/2016\\\/09\\\/Semana-de-la-Movilidad-2.png\",\"contentUrl\":\"https:\\\/\\\/www.cnh2.es\\\/wp-content\\\/uploads\\\/2016\\\/09\\\/Semana-de-la-Movilidad-2.png\",\"width\":809,\"height\":154},{\"@type\":\"BreadcrumbList\",\"@id\":\"https:\\\/\\\/www.cnh2.es\\\/en\\\/2016\\\/09\\\/16\\\/el-centro-nacional-del-hidrogeno-en-la-semana-europea-de-la-movilidad-2016-2\\\/#breadcrumb\",\"itemListElement\":[{\"@type\":\"ListItem\",\"position\":1,\"name\":\"Home\",\"item\":\"https:\\\/\\\/www.cnh2.es\\\/en\\\/\"},{\"@type\":\"ListItem\",\"position\":2,\"name\":\"El Centro Nacional del Hidr\u00f3geno en la Semana Europea de la Movilidad 2016\"}]},{\"@type\":\"WebSite\",\"@id\":\"https:\\\/\\\/www.cnh2.es\\\/#website\",\"url\":\"https:\\\/\\\/www.cnh2.es\\\/\",\"name\":\"Centro Nacional del Hidr\u00f3geno\",\"description\":\"El Centro Nacional del Hidr\u00f3geno (CNH2), es una instalaci\u00f3n de nueva creaci\u00f3n dedicada en exclusividad a la investigaci\u00f3n y desarrollo de las tecnolog\u00edas del...\",\"potentialAction\":[{\"@type\":\"SearchAction\",\"target\":{\"@type\":\"EntryPoint\",\"urlTemplate\":\"https:\\\/\\\/www.cnh2.es\\\/?s={search_term_string}\"},\"query-input\":{\"@type\":\"PropertyValueSpecification\",\"valueRequired\":true,\"valueName\":\"search_term_string\"}}],\"inLanguage\":\"en-US\"},{\"@type\":\"Person\",\"@id\":\"https:\\\/\\\/www.cnh2.es\\\/#\\\/schema\\\/person\\\/c7e71b9e0bb7fc06b5c90f489a3b08c9\",\"name\":\"cnh2\",\"image\":{\"@type\":\"ImageObject\",\"inLanguage\":\"en-US\",\"@id\":\"https:\\\/\\\/secure.gravatar.com\\\/avatar\\\/3f38779628ec8f379d10b11b1983755d8d5ceb434c57e13b8b1e62ad66b9800f?s=96&d=mm&r=g\",\"url\":\"https:\\\/\\\/secure.gravatar.com\\\/avatar\\\/3f38779628ec8f379d10b11b1983755d8d5ceb434c57e13b8b1e62ad66b9800f?s=96&d=mm&r=g\",\"contentUrl\":\"https:\\\/\\\/secure.gravatar.com\\\/avatar\\\/3f38779628ec8f379d10b11b1983755d8d5ceb434c57e13b8b1e62ad66b9800f?s=96&d=mm&r=g\",\"caption\":\"cnh2\"}}]}<\/script>\n<!-- \/ Yoast SEO plugin. -->","yoast_head_json":{"title":"El Centro Nacional del Hidr\u00f3geno en la Semana Europea de la Movilidad 2016 - Centro Nacional del Hidr\u00f3geno","robots":{"index":"index","follow":"follow","max-snippet":"max-snippet:-1","max-image-preview":"max-image-preview:large","max-video-preview":"max-video-preview:-1"},"canonical":"https:\/\/www.cnh2.es\/en\/2016\/09\/16\/el-centro-nacional-del-hidrogeno-en-la-semana-europea-de-la-movilidad-2016-2\/","og_locale":"en_US","og_type":"article","og_title":"El Centro Nacional del Hidr\u00f3geno en la Semana Europea de la Movilidad 2016 - Centro Nacional del Hidr\u00f3geno","og_description":"[:es]Con motivo de la Semana Europea de la Movilidad que se celebrar\u00e1 entre los d\u00edas 18 y 25 de septiembre, la ciudad de Puertollano est\u00e1 organizando diversas actividades entre las que destacan varias acciones por parte del Centro Nacional del Hidr\u00f3geno, CNH2. La Semana Europea de la Movilidad (SEM), es una campa\u00f1a de concienciaci\u00f3n dirigida [&hellip;]","og_url":"https:\/\/www.cnh2.es\/en\/2016\/09\/16\/el-centro-nacional-del-hidrogeno-en-la-semana-europea-de-la-movilidad-2016-2\/","og_site_name":"Centro Nacional del Hidr\u00f3geno","article_published_time":"2016-09-16T10:24:47+00:00","og_image":[{"width":809,"height":154,"url":"https:\/\/www.cnh2.es\/wp-content\/uploads\/2016\/09\/Semana-de-la-Movilidad-2.png","type":"image\/png"}],"author":"cnh2","twitter_card":"summary_large_image","twitter_misc":{"Written by":"cnh2","Est. reading time":"2 minutes"},"schema":{"@context":"https:\/\/schema.org","@graph":[{"@type":"Article","@id":"https:\/\/www.cnh2.es\/en\/2016\/09\/16\/el-centro-nacional-del-hidrogeno-en-la-semana-europea-de-la-movilidad-2016-2\/#article","isPartOf":{"@id":"https:\/\/www.cnh2.es\/en\/2016\/09\/16\/el-centro-nacional-del-hidrogeno-en-la-semana-europea-de-la-movilidad-2016-2\/"},"author":{"name":"cnh2","@id":"https:\/\/www.cnh2.es\/#\/schema\/person\/c7e71b9e0bb7fc06b5c90f489a3b08c9"},"headline":"El Centro Nacional del Hidr\u00f3geno en la Semana Europea de la Movilidad 2016","datePublished":"2016-09-16T10:24:47+00:00","mainEntityOfPage":{"@id":"https:\/\/www.cnh2.es\/en\/2016\/09\/16\/el-centro-nacional-del-hidrogeno-en-la-semana-europea-de-la-movilidad-2016-2\/"},"wordCount":355,"image":{"@id":"https:\/\/www.cnh2.es\/en\/2016\/09\/16\/el-centro-nacional-del-hidrogeno-en-la-semana-europea-de-la-movilidad-2016-2\/#primaryimage"},"thumbnailUrl":"https:\/\/www.cnh2.es\/wp-content\/uploads\/2016\/09\/Semana-de-la-Movilidad-2.png","articleSection":["CNH2 News"],"inLanguage":"en-US"},{"@type":"WebPage","@id":"https:\/\/www.cnh2.es\/en\/2016\/09\/16\/el-centro-nacional-del-hidrogeno-en-la-semana-europea-de-la-movilidad-2016-2\/","url":"https:\/\/www.cnh2.es\/en\/2016\/09\/16\/el-centro-nacional-del-hidrogeno-en-la-semana-europea-de-la-movilidad-2016-2\/","name":"El Centro Nacional del Hidr\u00f3geno en la Semana Europea de la Movilidad 2016 - Centro Nacional del Hidr\u00f3geno","isPartOf":{"@id":"https:\/\/www.cnh2.es\/#website"},"primaryImageOfPage":{"@id":"https:\/\/www.cnh2.es\/en\/2016\/09\/16\/el-centro-nacional-del-hidrogeno-en-la-semana-europea-de-la-movilidad-2016-2\/#primaryimage"},"image":{"@id":"https:\/\/www.cnh2.es\/en\/2016\/09\/16\/el-centro-nacional-del-hidrogeno-en-la-semana-europea-de-la-movilidad-2016-2\/#primaryimage"},"thumbnailUrl":"https:\/\/www.cnh2.es\/wp-content\/uploads\/2016\/09\/Semana-de-la-Movilidad-2.png","datePublished":"2016-09-16T10:24:47+00:00","author":{"@id":"https:\/\/www.cnh2.es\/#\/schema\/person\/c7e71b9e0bb7fc06b5c90f489a3b08c9"},"breadcrumb":{"@id":"https:\/\/www.cnh2.es\/en\/2016\/09\/16\/el-centro-nacional-del-hidrogeno-en-la-semana-europea-de-la-movilidad-2016-2\/#breadcrumb"},"inLanguage":"en-US","potentialAction":[{"@type":"ReadAction","target":["https:\/\/www.cnh2.es\/en\/2016\/09\/16\/el-centro-nacional-del-hidrogeno-en-la-semana-europea-de-la-movilidad-2016-2\/"]}]},{"@type":"ImageObject","inLanguage":"en-US","@id":"https:\/\/www.cnh2.es\/en\/2016\/09\/16\/el-centro-nacional-del-hidrogeno-en-la-semana-europea-de-la-movilidad-2016-2\/#primaryimage","url":"https:\/\/www.cnh2.es\/wp-content\/uploads\/2016\/09\/Semana-de-la-Movilidad-2.png","contentUrl":"https:\/\/www.cnh2.es\/wp-content\/uploads\/2016\/09\/Semana-de-la-Movilidad-2.png","width":809,"height":154},{"@type":"BreadcrumbList","@id":"https:\/\/www.cnh2.es\/en\/2016\/09\/16\/el-centro-nacional-del-hidrogeno-en-la-semana-europea-de-la-movilidad-2016-2\/#breadcrumb","itemListElement":[{"@type":"ListItem","position":1,"name":"Home","item":"https:\/\/www.cnh2.es\/en\/"},{"@type":"ListItem","position":2,"name":"El Centro Nacional del Hidr\u00f3geno en la Semana Europea de la Movilidad 2016"}]},{"@type":"WebSite","@id":"https:\/\/www.cnh2.es\/#website","url":"https:\/\/www.cnh2.es\/","name":"Centro Nacional del Hidr\u00f3geno","description":"El Centro Nacional del Hidr\u00f3geno (CNH2), es una instalaci\u00f3n de nueva creaci\u00f3n dedicada en exclusividad a la investigaci\u00f3n y desarrollo de las tecnolog\u00edas del...","potentialAction":[{"@type":"SearchAction","target":{"@type":"EntryPoint","urlTemplate":"https:\/\/www.cnh2.es\/?s={search_term_string}"},"query-input":{"@type":"PropertyValueSpecification","valueRequired":true,"valueName":"search_term_string"}}],"inLanguage":"en-US"},{"@type":"Person","@id":"https:\/\/www.cnh2.es\/#\/schema\/person\/c7e71b9e0bb7fc06b5c90f489a3b08c9","name":"cnh2","image":{"@type":"ImageObject","inLanguage":"en-US","@id":"https:\/\/secure.gravatar.com\/avatar\/3f38779628ec8f379d10b11b1983755d8d5ceb434c57e13b8b1e62ad66b9800f?s=96&d=mm&r=g","url":"https:\/\/secure.gravatar.com\/avatar\/3f38779628ec8f379d10b11b1983755d8d5ceb434c57e13b8b1e62ad66b9800f?s=96&d=mm&r=g","contentUrl":"https:\/\/secure.gravatar.com\/avatar\/3f38779628ec8f379d10b11b1983755d8d5ceb434c57e13b8b1e62ad66b9800f?s=96&d=mm&r=g","caption":"cnh2"}}]}},"modified_by":"Roberto Carlos Romero Molina","_links":{"self":[{"href":"https:\/\/www.cnh2.es\/en\/wp-json\/wp\/v2\/posts\/7413","targetHints":{"allow":["GET"]}}],"collection":[{"href":"https:\/\/www.cnh2.es\/en\/wp-json\/wp\/v2\/posts"}],"about":[{"href":"https:\/\/www.cnh2.es\/en\/wp-json\/wp\/v2\/types\/post"}],"author":[{"embeddable":true,"href":"https:\/\/www.cnh2.es\/en\/wp-json\/wp\/v2\/users\/2"}],"replies":[{"embeddable":true,"href":"https:\/\/www.cnh2.es\/en\/wp-json\/wp\/v2\/comments?post=7413"}],"version-history":[{"count":0,"href":"https:\/\/www.cnh2.es\/en\/wp-json\/wp\/v2\/posts\/7413\/revisions"}],"wp:featuredmedia":[{"embeddable":true,"href":"https:\/\/www.cnh2.es\/en\/wp-json\/wp\/v2\/media\/7420"}],"wp:attachment":[{"href":"https:\/\/www.cnh2.es\/en\/wp-json\/wp\/v2\/media?parent=7413"}],"wp:term":[{"taxonomy":"category","embeddable":true,"href":"https:\/\/www.cnh2.es\/en\/wp-json\/wp\/v2\/categories?post=7413"},{"taxonomy":"post_tag","embeddable":true,"href":"https:\/\/www.cnh2.es\/en\/wp-json\/wp\/v2\/tags?post=7413"}],"curies":[{"name":"wp","href":"https:\/\/api.w.org\/{rel}","templated":true}]}}