{"id":7314,"date":"2016-08-01T13:53:13","date_gmt":"2016-08-01T12:53:13","guid":{"rendered":"https:\/\/www.cnh2.es\/?p=7314"},"modified":"2016-08-01T13:53:13","modified_gmt":"2016-08-01T12:53:13","slug":"los-proyectos-europeos-relacionados-con-tecnologias-del-hidrogeno-protagonistas-en-el-ciclo-de-conferencias-del-cnh2","status":"publish","type":"post","link":"https:\/\/www.cnh2.es\/en\/2016\/08\/01\/los-proyectos-europeos-relacionados-con-tecnologias-del-hidrogeno-protagonistas-en-el-ciclo-de-conferencias-del-cnh2\/","title":{"rendered":"Los Proyectos Europeos relacionados con tecnolog\u00edas del hidr\u00f3geno, protagonistas en el Ciclo de Conferencias del CNH2"},"content":{"rendered":"<p>[:es]<\/p>\n<p style=\"text-align: justify;\"><strong>El pasado mi\u00e9rcoles, 27 de julio el Centro Nacional del Hidr\u00f3geno, celebr\u00f3 la cuarta de las jornadas anuales del \u00a0Ciclo de Conferencias <em>\u201cExperiencias en las Tecnolog\u00edas del Hidr\u00f3geno\u201d<\/em> organizada como parte de las actividades de divulgaci\u00f3n cient\u00edfica y tecnol\u00f3gica y en la que se presentaron los proyectos europeos relacionados con las tecnolog\u00edas del hidr\u00f3geno y las pilas de combustible desarrollados por la Fundaci\u00f3n para el desarrollo de las Nuevas Tecnolog\u00edas de Hidr\u00f3geno en Arag\u00f3n y el Centro Nacional del Hidr\u00f3geno.<\/strong><\/p>\n<p style=\"text-align: justify;\">Como en ocasiones anteriores, desde su Unidad de Cultura Cient\u00edfica y de la Innovaci\u00f3n (UCC+i), el <strong>Centro Nacional del Hidr\u00f3geno (CNH2)<\/strong> cuenta con la participaci\u00f3n de investigadores y tecn\u00f3logos de diferentes entidades y centros de investigaci\u00f3n expertos en el sector del hidr\u00f3geno y las pilas de combustible con el fin de dar a conocer estas tecnolog\u00edas en todos los sectores de la sociedad.<\/p>\n<p style=\"text-align: justify;\"><a href=\"https:\/\/www.cnh2.es\/wp-content\/uploads\/2016\/08\/Ciclo-Conferencias-FHa_02.jpg\"><img loading=\"lazy\" decoding=\"async\" class=\"alignleft size-medium wp-image-7312\" src=\"https:\/\/www.cnh2.es\/wp-content\/uploads\/2016\/08\/Ciclo-Conferencias-FHa_02-300x200.jpg\" alt=\"Ciclo Conferencias FHa_02\" width=\"300\" height=\"200\" srcset=\"https:\/\/www.cnh2.es\/wp-content\/uploads\/2016\/08\/Ciclo-Conferencias-FHa_02-300x200.jpg 300w, https:\/\/www.cnh2.es\/wp-content\/uploads\/2016\/08\/Ciclo-Conferencias-FHa_02-768x512.jpg 768w, https:\/\/www.cnh2.es\/wp-content\/uploads\/2016\/08\/Ciclo-Conferencias-FHa_02-1030x687.jpg 1030w, https:\/\/www.cnh2.es\/wp-content\/uploads\/2016\/08\/Ciclo-Conferencias-FHa_02-705x470.jpg 705w, https:\/\/www.cnh2.es\/wp-content\/uploads\/2016\/08\/Ciclo-Conferencias-FHa_02-450x300.jpg 450w, https:\/\/www.cnh2.es\/wp-content\/uploads\/2016\/08\/Ciclo-Conferencias-FHa_02.jpg 1200w\" sizes=\"auto, (max-width: 300px) 100vw, 300px\" \/><\/a>En esta jornada, tuvo lugar la conferencia titulada <strong>\u201cParticipaci\u00f3n de entidades espa\u00f1olas en proyectos europeos: Oportunidades y casos de \u00e9xito\u201d<\/strong> en la que participaron dos ponentes: <strong>D. Fernando Palac\u00edn Ariz\u00f3n, <\/strong><em>Director Gerente de la Fundaci\u00f3n para el Desarrollo de Nuevas Tecnolog\u00edas del Hidr\u00f3geno en Arag\u00f3n <\/em>y <strong>D\u00f1a. Gema Alcalde Ranz<\/strong>, perteneciente al Centro Nacional del Hidr\u00f3geno<em>. <\/em><\/p>\n<p style=\"text-align: justify;\">Durante la conferencia a la cual asistieron alrededor de 50 personas, D. Fernando Palac\u00edn, mostr\u00f3 la capacidad y las actividades que posee la Fundaci\u00f3n para el desarrollo de las tecnolog\u00edas del hidr\u00f3geno, as\u00ed como los proyectos europeos m\u00e1s relevantes en los que la Fundaci\u00f3n del Hidr\u00f3geno de Arag\u00f3n ha estado involucrado, mostrando algunos de los \u00a0resultados y aplicaciones obtenidas.<\/p>\n<p style=\"text-align: justify;\"><a href=\"https:\/\/www.cnh2.es\/wp-content\/uploads\/2016\/07\/logo-Hyacinth_b.jpg\"><img loading=\"lazy\" decoding=\"async\" class=\"alignright wp-image-7271 \" src=\"https:\/\/www.cnh2.es\/wp-content\/uploads\/2016\/07\/logo-Hyacinth_b-335x400.jpg\" alt=\"logo Hyacinth_b\" width=\"89\" height=\"107\" \/><\/a>A continuaci\u00f3n, D\u00f1a. Gema Alcalde present\u00f3 el proyecto europeo <strong>HYACINTH<\/strong> que el Centro Nacional del Hidr\u00f3geno coordina, y en el que participan 11 entidades pertenecientes a 5 pa\u00edses europeos. Explicando su objetivo general y espec\u00edfico, la importancia de la aceptaci\u00f3n p\u00fablica para la implantaci\u00f3n en el mercado de las tecnolog\u00edas del hidr\u00f3geno, unos primeros resultados obtenidos del proyecto, as\u00ed como los resultados previstos obtener en la fase final del proyecto (el cual ha sido financiado por <em>Fuel Cells and Hydrogen Joint Undertaking<\/em> -FCH-JU).<\/p>\n<p><em><img loading=\"lazy\" decoding=\"async\" class=\"alignright size-medium wp-image-6715\" src=\"https:\/\/www.cnh2.es\/wp-content\/uploads\/2016\/01\/logo_MINECO_FECYT_Web-300x38.jpg\" alt=\"logo_MINECO_FECYT_Web\" width=\"300\" height=\"38\" srcset=\"https:\/\/www.cnh2.es\/wp-content\/uploads\/2016\/01\/logo_MINECO_FECYT_Web-300x38.jpg 300w, https:\/\/www.cnh2.es\/wp-content\/uploads\/2016\/01\/logo_MINECO_FECYT_Web-768x98.jpg 768w, https:\/\/www.cnh2.es\/wp-content\/uploads\/2016\/01\/logo_MINECO_FECYT_Web-1030x131.jpg 1030w, https:\/\/www.cnh2.es\/wp-content\/uploads\/2016\/01\/logo_MINECO_FECYT_Web-1500x191.jpg 1500w, https:\/\/www.cnh2.es\/wp-content\/uploads\/2016\/01\/logo_MINECO_FECYT_Web-705x90.jpg 705w, https:\/\/www.cnh2.es\/wp-content\/uploads\/2016\/01\/logo_MINECO_FECYT_Web-450x57.jpg 450w\" sizes=\"auto, (max-width: 300px) 100vw, 300px\" \/><\/em><\/p>\n<p><em>Actividad desarrollada dentro del programa de actividades 2016 de la UCC+i-CNH2, financiado por la Fundaci\u00f3n Espa\u00f1ola para la Ciencia y la Tecnolog\u00eda \u2013 Ministerio de Econom\u00eda y Competitividad<\/em>[:]<\/p>\n","protected":false},"excerpt":{"rendered":"<p>[:es] El pasado mi\u00e9rcoles, 27 de julio el Centro Nacional del Hidr\u00f3geno, celebr\u00f3 la cuarta de las jornadas anuales del \u00a0Ciclo de Conferencias \u201cExperiencias en las Tecnolog\u00edas del Hidr\u00f3geno\u201d organizada como parte de las actividades de divulgaci\u00f3n cient\u00edfica y tecnol\u00f3gica y en la que se presentaron los proyectos europeos relacionados con las tecnolog\u00edas del hidr\u00f3geno [&hellip;]<\/p>\n","protected":false},"author":2,"featured_media":7313,"comment_status":"closed","ping_status":"closed","sticky":false,"template":"","format":"standard","meta":{"_lmt_disableupdate":"","_lmt_disable":"","footnotes":""},"categories":[100,101],"tags":[],"class_list":["post-7314","post","type-post","status-publish","format-standard","has-post-thumbnail","hentry","category-cnh2-news","category-press"],"yoast_head":"<!-- This site is optimized with the Yoast SEO plugin v27.4 - https:\/\/yoast.com\/product\/yoast-seo-wordpress\/ -->\n<title>Los Proyectos Europeos relacionados con tecnolog\u00edas del hidr\u00f3geno, protagonistas en el Ciclo de Conferencias del CNH2 - Centro Nacional del Hidr\u00f3geno<\/title>\n<meta name=\"robots\" content=\"index, follow, max-snippet:-1, max-image-preview:large, max-video-preview:-1\" \/>\n<link rel=\"canonical\" href=\"https:\/\/www.cnh2.es\/en\/2016\/08\/01\/los-proyectos-europeos-relacionados-con-tecnologias-del-hidrogeno-protagonistas-en-el-ciclo-de-conferencias-del-cnh2\/\" \/>\n<meta property=\"og:locale\" content=\"en_US\" \/>\n<meta property=\"og:type\" content=\"article\" \/>\n<meta property=\"og:title\" content=\"Los Proyectos Europeos relacionados con tecnolog\u00edas del hidr\u00f3geno, protagonistas en el Ciclo de Conferencias del CNH2 - Centro Nacional del Hidr\u00f3geno\" \/>\n<meta property=\"og:description\" content=\"[:es] El pasado mi\u00e9rcoles, 27 de julio el Centro Nacional del Hidr\u00f3geno, celebr\u00f3 la cuarta de las jornadas anuales del \u00a0Ciclo de Conferencias \u201cExperiencias en las Tecnolog\u00edas del Hidr\u00f3geno\u201d organizada como parte de las actividades de divulgaci\u00f3n cient\u00edfica y tecnol\u00f3gica y en la que se presentaron los proyectos europeos relacionados con las tecnolog\u00edas del hidr\u00f3geno [&hellip;]\" \/>\n<meta property=\"og:url\" content=\"https:\/\/www.cnh2.es\/en\/2016\/08\/01\/los-proyectos-europeos-relacionados-con-tecnologias-del-hidrogeno-protagonistas-en-el-ciclo-de-conferencias-del-cnh2\/\" \/>\n<meta property=\"og:site_name\" content=\"Centro Nacional del Hidr\u00f3geno\" \/>\n<meta property=\"article:published_time\" content=\"2016-08-01T12:53:13+00:00\" \/>\n<meta property=\"og:image\" content=\"https:\/\/www.cnh2.es\/wp-content\/uploads\/2016\/08\/Ciclo-Conferencias-FHa_01.jpg\" \/>\n\t<meta property=\"og:image:width\" content=\"1200\" \/>\n\t<meta property=\"og:image:height\" content=\"800\" \/>\n\t<meta property=\"og:image:type\" content=\"image\/jpeg\" \/>\n<meta name=\"author\" content=\"cnh2\" \/>\n<meta name=\"twitter:card\" content=\"summary_large_image\" \/>\n<meta name=\"twitter:label1\" content=\"Written by\" \/>\n\t<meta name=\"twitter:data1\" content=\"cnh2\" \/>\n\t<meta name=\"twitter:label2\" content=\"Est. reading time\" \/>\n\t<meta name=\"twitter:data2\" content=\"2 minutes\" \/>\n<script type=\"application\/ld+json\" class=\"yoast-schema-graph\">{\"@context\":\"https:\\\/\\\/schema.org\",\"@graph\":[{\"@type\":\"Article\",\"@id\":\"https:\\\/\\\/www.cnh2.es\\\/en\\\/2016\\\/08\\\/01\\\/los-proyectos-europeos-relacionados-con-tecnologias-del-hidrogeno-protagonistas-en-el-ciclo-de-conferencias-del-cnh2\\\/#article\",\"isPartOf\":{\"@id\":\"https:\\\/\\\/www.cnh2.es\\\/en\\\/2016\\\/08\\\/01\\\/los-proyectos-europeos-relacionados-con-tecnologias-del-hidrogeno-protagonistas-en-el-ciclo-de-conferencias-del-cnh2\\\/\"},\"author\":{\"name\":\"cnh2\",\"@id\":\"https:\\\/\\\/www.cnh2.es\\\/#\\\/schema\\\/person\\\/c7e71b9e0bb7fc06b5c90f489a3b08c9\"},\"headline\":\"Los Proyectos Europeos relacionados con tecnolog\u00edas del hidr\u00f3geno, protagonistas en el Ciclo de Conferencias del CNH2\",\"datePublished\":\"2016-08-01T12:53:13+00:00\",\"mainEntityOfPage\":{\"@id\":\"https:\\\/\\\/www.cnh2.es\\\/en\\\/2016\\\/08\\\/01\\\/los-proyectos-europeos-relacionados-con-tecnologias-del-hidrogeno-protagonistas-en-el-ciclo-de-conferencias-del-cnh2\\\/\"},\"wordCount\":438,\"image\":{\"@id\":\"https:\\\/\\\/www.cnh2.es\\\/en\\\/2016\\\/08\\\/01\\\/los-proyectos-europeos-relacionados-con-tecnologias-del-hidrogeno-protagonistas-en-el-ciclo-de-conferencias-del-cnh2\\\/#primaryimage\"},\"thumbnailUrl\":\"https:\\\/\\\/www.cnh2.es\\\/wp-content\\\/uploads\\\/2016\\\/08\\\/Ciclo-Conferencias-FHa_01.jpg\",\"articleSection\":[\"CNH2 News\",\"Press\"],\"inLanguage\":\"en-US\"},{\"@type\":\"WebPage\",\"@id\":\"https:\\\/\\\/www.cnh2.es\\\/en\\\/2016\\\/08\\\/01\\\/los-proyectos-europeos-relacionados-con-tecnologias-del-hidrogeno-protagonistas-en-el-ciclo-de-conferencias-del-cnh2\\\/\",\"url\":\"https:\\\/\\\/www.cnh2.es\\\/en\\\/2016\\\/08\\\/01\\\/los-proyectos-europeos-relacionados-con-tecnologias-del-hidrogeno-protagonistas-en-el-ciclo-de-conferencias-del-cnh2\\\/\",\"name\":\"Los Proyectos Europeos relacionados con tecnolog\u00edas del hidr\u00f3geno, protagonistas en el Ciclo de Conferencias del CNH2 - Centro Nacional del Hidr\u00f3geno\",\"isPartOf\":{\"@id\":\"https:\\\/\\\/www.cnh2.es\\\/#website\"},\"primaryImageOfPage\":{\"@id\":\"https:\\\/\\\/www.cnh2.es\\\/en\\\/2016\\\/08\\\/01\\\/los-proyectos-europeos-relacionados-con-tecnologias-del-hidrogeno-protagonistas-en-el-ciclo-de-conferencias-del-cnh2\\\/#primaryimage\"},\"image\":{\"@id\":\"https:\\\/\\\/www.cnh2.es\\\/en\\\/2016\\\/08\\\/01\\\/los-proyectos-europeos-relacionados-con-tecnologias-del-hidrogeno-protagonistas-en-el-ciclo-de-conferencias-del-cnh2\\\/#primaryimage\"},\"thumbnailUrl\":\"https:\\\/\\\/www.cnh2.es\\\/wp-content\\\/uploads\\\/2016\\\/08\\\/Ciclo-Conferencias-FHa_01.jpg\",\"datePublished\":\"2016-08-01T12:53:13+00:00\",\"author\":{\"@id\":\"https:\\\/\\\/www.cnh2.es\\\/#\\\/schema\\\/person\\\/c7e71b9e0bb7fc06b5c90f489a3b08c9\"},\"breadcrumb\":{\"@id\":\"https:\\\/\\\/www.cnh2.es\\\/en\\\/2016\\\/08\\\/01\\\/los-proyectos-europeos-relacionados-con-tecnologias-del-hidrogeno-protagonistas-en-el-ciclo-de-conferencias-del-cnh2\\\/#breadcrumb\"},\"inLanguage\":\"en-US\",\"potentialAction\":[{\"@type\":\"ReadAction\",\"target\":[\"https:\\\/\\\/www.cnh2.es\\\/en\\\/2016\\\/08\\\/01\\\/los-proyectos-europeos-relacionados-con-tecnologias-del-hidrogeno-protagonistas-en-el-ciclo-de-conferencias-del-cnh2\\\/\"]}]},{\"@type\":\"ImageObject\",\"inLanguage\":\"en-US\",\"@id\":\"https:\\\/\\\/www.cnh2.es\\\/en\\\/2016\\\/08\\\/01\\\/los-proyectos-europeos-relacionados-con-tecnologias-del-hidrogeno-protagonistas-en-el-ciclo-de-conferencias-del-cnh2\\\/#primaryimage\",\"url\":\"https:\\\/\\\/www.cnh2.es\\\/wp-content\\\/uploads\\\/2016\\\/08\\\/Ciclo-Conferencias-FHa_01.jpg\",\"contentUrl\":\"https:\\\/\\\/www.cnh2.es\\\/wp-content\\\/uploads\\\/2016\\\/08\\\/Ciclo-Conferencias-FHa_01.jpg\",\"width\":1200,\"height\":800},{\"@type\":\"BreadcrumbList\",\"@id\":\"https:\\\/\\\/www.cnh2.es\\\/en\\\/2016\\\/08\\\/01\\\/los-proyectos-europeos-relacionados-con-tecnologias-del-hidrogeno-protagonistas-en-el-ciclo-de-conferencias-del-cnh2\\\/#breadcrumb\",\"itemListElement\":[{\"@type\":\"ListItem\",\"position\":1,\"name\":\"Home\",\"item\":\"https:\\\/\\\/www.cnh2.es\\\/en\\\/\"},{\"@type\":\"ListItem\",\"position\":2,\"name\":\"Los Proyectos Europeos relacionados con tecnolog\u00edas del hidr\u00f3geno, protagonistas en el Ciclo de Conferencias del CNH2\"}]},{\"@type\":\"WebSite\",\"@id\":\"https:\\\/\\\/www.cnh2.es\\\/#website\",\"url\":\"https:\\\/\\\/www.cnh2.es\\\/\",\"name\":\"Centro Nacional del Hidr\u00f3geno\",\"description\":\"El Centro Nacional del Hidr\u00f3geno (CNH2), es una instalaci\u00f3n de nueva creaci\u00f3n dedicada en exclusividad a la investigaci\u00f3n y desarrollo de las tecnolog\u00edas del...\",\"potentialAction\":[{\"@type\":\"SearchAction\",\"target\":{\"@type\":\"EntryPoint\",\"urlTemplate\":\"https:\\\/\\\/www.cnh2.es\\\/?s={search_term_string}\"},\"query-input\":{\"@type\":\"PropertyValueSpecification\",\"valueRequired\":true,\"valueName\":\"search_term_string\"}}],\"inLanguage\":\"en-US\"},{\"@type\":\"Person\",\"@id\":\"https:\\\/\\\/www.cnh2.es\\\/#\\\/schema\\\/person\\\/c7e71b9e0bb7fc06b5c90f489a3b08c9\",\"name\":\"cnh2\",\"image\":{\"@type\":\"ImageObject\",\"inLanguage\":\"en-US\",\"@id\":\"https:\\\/\\\/secure.gravatar.com\\\/avatar\\\/3f38779628ec8f379d10b11b1983755d8d5ceb434c57e13b8b1e62ad66b9800f?s=96&d=mm&r=g\",\"url\":\"https:\\\/\\\/secure.gravatar.com\\\/avatar\\\/3f38779628ec8f379d10b11b1983755d8d5ceb434c57e13b8b1e62ad66b9800f?s=96&d=mm&r=g\",\"contentUrl\":\"https:\\\/\\\/secure.gravatar.com\\\/avatar\\\/3f38779628ec8f379d10b11b1983755d8d5ceb434c57e13b8b1e62ad66b9800f?s=96&d=mm&r=g\",\"caption\":\"cnh2\"}}]}<\/script>\n<!-- \/ Yoast SEO plugin. -->","yoast_head_json":{"title":"Los Proyectos Europeos relacionados con tecnolog\u00edas del hidr\u00f3geno, protagonistas en el Ciclo de Conferencias del CNH2 - Centro Nacional del Hidr\u00f3geno","robots":{"index":"index","follow":"follow","max-snippet":"max-snippet:-1","max-image-preview":"max-image-preview:large","max-video-preview":"max-video-preview:-1"},"canonical":"https:\/\/www.cnh2.es\/en\/2016\/08\/01\/los-proyectos-europeos-relacionados-con-tecnologias-del-hidrogeno-protagonistas-en-el-ciclo-de-conferencias-del-cnh2\/","og_locale":"en_US","og_type":"article","og_title":"Los Proyectos Europeos relacionados con tecnolog\u00edas del hidr\u00f3geno, protagonistas en el Ciclo de Conferencias del CNH2 - Centro Nacional del Hidr\u00f3geno","og_description":"[:es] El pasado mi\u00e9rcoles, 27 de julio el Centro Nacional del Hidr\u00f3geno, celebr\u00f3 la cuarta de las jornadas anuales del \u00a0Ciclo de Conferencias \u201cExperiencias en las Tecnolog\u00edas del Hidr\u00f3geno\u201d organizada como parte de las actividades de divulgaci\u00f3n cient\u00edfica y tecnol\u00f3gica y en la que se presentaron los proyectos europeos relacionados con las tecnolog\u00edas del hidr\u00f3geno [&hellip;]","og_url":"https:\/\/www.cnh2.es\/en\/2016\/08\/01\/los-proyectos-europeos-relacionados-con-tecnologias-del-hidrogeno-protagonistas-en-el-ciclo-de-conferencias-del-cnh2\/","og_site_name":"Centro Nacional del Hidr\u00f3geno","article_published_time":"2016-08-01T12:53:13+00:00","og_image":[{"width":1200,"height":800,"url":"https:\/\/www.cnh2.es\/wp-content\/uploads\/2016\/08\/Ciclo-Conferencias-FHa_01.jpg","type":"image\/jpeg"}],"author":"cnh2","twitter_card":"summary_large_image","twitter_misc":{"Written by":"cnh2","Est. reading time":"2 minutes"},"schema":{"@context":"https:\/\/schema.org","@graph":[{"@type":"Article","@id":"https:\/\/www.cnh2.es\/en\/2016\/08\/01\/los-proyectos-europeos-relacionados-con-tecnologias-del-hidrogeno-protagonistas-en-el-ciclo-de-conferencias-del-cnh2\/#article","isPartOf":{"@id":"https:\/\/www.cnh2.es\/en\/2016\/08\/01\/los-proyectos-europeos-relacionados-con-tecnologias-del-hidrogeno-protagonistas-en-el-ciclo-de-conferencias-del-cnh2\/"},"author":{"name":"cnh2","@id":"https:\/\/www.cnh2.es\/#\/schema\/person\/c7e71b9e0bb7fc06b5c90f489a3b08c9"},"headline":"Los Proyectos Europeos relacionados con tecnolog\u00edas del hidr\u00f3geno, protagonistas en el Ciclo de Conferencias del CNH2","datePublished":"2016-08-01T12:53:13+00:00","mainEntityOfPage":{"@id":"https:\/\/www.cnh2.es\/en\/2016\/08\/01\/los-proyectos-europeos-relacionados-con-tecnologias-del-hidrogeno-protagonistas-en-el-ciclo-de-conferencias-del-cnh2\/"},"wordCount":438,"image":{"@id":"https:\/\/www.cnh2.es\/en\/2016\/08\/01\/los-proyectos-europeos-relacionados-con-tecnologias-del-hidrogeno-protagonistas-en-el-ciclo-de-conferencias-del-cnh2\/#primaryimage"},"thumbnailUrl":"https:\/\/www.cnh2.es\/wp-content\/uploads\/2016\/08\/Ciclo-Conferencias-FHa_01.jpg","articleSection":["CNH2 News","Press"],"inLanguage":"en-US"},{"@type":"WebPage","@id":"https:\/\/www.cnh2.es\/en\/2016\/08\/01\/los-proyectos-europeos-relacionados-con-tecnologias-del-hidrogeno-protagonistas-en-el-ciclo-de-conferencias-del-cnh2\/","url":"https:\/\/www.cnh2.es\/en\/2016\/08\/01\/los-proyectos-europeos-relacionados-con-tecnologias-del-hidrogeno-protagonistas-en-el-ciclo-de-conferencias-del-cnh2\/","name":"Los Proyectos Europeos relacionados con tecnolog\u00edas del hidr\u00f3geno, protagonistas en el Ciclo de Conferencias del CNH2 - Centro Nacional del Hidr\u00f3geno","isPartOf":{"@id":"https:\/\/www.cnh2.es\/#website"},"primaryImageOfPage":{"@id":"https:\/\/www.cnh2.es\/en\/2016\/08\/01\/los-proyectos-europeos-relacionados-con-tecnologias-del-hidrogeno-protagonistas-en-el-ciclo-de-conferencias-del-cnh2\/#primaryimage"},"image":{"@id":"https:\/\/www.cnh2.es\/en\/2016\/08\/01\/los-proyectos-europeos-relacionados-con-tecnologias-del-hidrogeno-protagonistas-en-el-ciclo-de-conferencias-del-cnh2\/#primaryimage"},"thumbnailUrl":"https:\/\/www.cnh2.es\/wp-content\/uploads\/2016\/08\/Ciclo-Conferencias-FHa_01.jpg","datePublished":"2016-08-01T12:53:13+00:00","author":{"@id":"https:\/\/www.cnh2.es\/#\/schema\/person\/c7e71b9e0bb7fc06b5c90f489a3b08c9"},"breadcrumb":{"@id":"https:\/\/www.cnh2.es\/en\/2016\/08\/01\/los-proyectos-europeos-relacionados-con-tecnologias-del-hidrogeno-protagonistas-en-el-ciclo-de-conferencias-del-cnh2\/#breadcrumb"},"inLanguage":"en-US","potentialAction":[{"@type":"ReadAction","target":["https:\/\/www.cnh2.es\/en\/2016\/08\/01\/los-proyectos-europeos-relacionados-con-tecnologias-del-hidrogeno-protagonistas-en-el-ciclo-de-conferencias-del-cnh2\/"]}]},{"@type":"ImageObject","inLanguage":"en-US","@id":"https:\/\/www.cnh2.es\/en\/2016\/08\/01\/los-proyectos-europeos-relacionados-con-tecnologias-del-hidrogeno-protagonistas-en-el-ciclo-de-conferencias-del-cnh2\/#primaryimage","url":"https:\/\/www.cnh2.es\/wp-content\/uploads\/2016\/08\/Ciclo-Conferencias-FHa_01.jpg","contentUrl":"https:\/\/www.cnh2.es\/wp-content\/uploads\/2016\/08\/Ciclo-Conferencias-FHa_01.jpg","width":1200,"height":800},{"@type":"BreadcrumbList","@id":"https:\/\/www.cnh2.es\/en\/2016\/08\/01\/los-proyectos-europeos-relacionados-con-tecnologias-del-hidrogeno-protagonistas-en-el-ciclo-de-conferencias-del-cnh2\/#breadcrumb","itemListElement":[{"@type":"ListItem","position":1,"name":"Home","item":"https:\/\/www.cnh2.es\/en\/"},{"@type":"ListItem","position":2,"name":"Los Proyectos Europeos relacionados con tecnolog\u00edas del hidr\u00f3geno, protagonistas en el Ciclo de Conferencias del CNH2"}]},{"@type":"WebSite","@id":"https:\/\/www.cnh2.es\/#website","url":"https:\/\/www.cnh2.es\/","name":"Centro Nacional del Hidr\u00f3geno","description":"El Centro Nacional del Hidr\u00f3geno (CNH2), es una instalaci\u00f3n de nueva creaci\u00f3n dedicada en exclusividad a la investigaci\u00f3n y desarrollo de las tecnolog\u00edas del...","potentialAction":[{"@type":"SearchAction","target":{"@type":"EntryPoint","urlTemplate":"https:\/\/www.cnh2.es\/?s={search_term_string}"},"query-input":{"@type":"PropertyValueSpecification","valueRequired":true,"valueName":"search_term_string"}}],"inLanguage":"en-US"},{"@type":"Person","@id":"https:\/\/www.cnh2.es\/#\/schema\/person\/c7e71b9e0bb7fc06b5c90f489a3b08c9","name":"cnh2","image":{"@type":"ImageObject","inLanguage":"en-US","@id":"https:\/\/secure.gravatar.com\/avatar\/3f38779628ec8f379d10b11b1983755d8d5ceb434c57e13b8b1e62ad66b9800f?s=96&d=mm&r=g","url":"https:\/\/secure.gravatar.com\/avatar\/3f38779628ec8f379d10b11b1983755d8d5ceb434c57e13b8b1e62ad66b9800f?s=96&d=mm&r=g","contentUrl":"https:\/\/secure.gravatar.com\/avatar\/3f38779628ec8f379d10b11b1983755d8d5ceb434c57e13b8b1e62ad66b9800f?s=96&d=mm&r=g","caption":"cnh2"}}]}},"modified_by":"cnh2","_links":{"self":[{"href":"https:\/\/www.cnh2.es\/en\/wp-json\/wp\/v2\/posts\/7314","targetHints":{"allow":["GET"]}}],"collection":[{"href":"https:\/\/www.cnh2.es\/en\/wp-json\/wp\/v2\/posts"}],"about":[{"href":"https:\/\/www.cnh2.es\/en\/wp-json\/wp\/v2\/types\/post"}],"author":[{"embeddable":true,"href":"https:\/\/www.cnh2.es\/en\/wp-json\/wp\/v2\/users\/2"}],"replies":[{"embeddable":true,"href":"https:\/\/www.cnh2.es\/en\/wp-json\/wp\/v2\/comments?post=7314"}],"version-history":[{"count":0,"href":"https:\/\/www.cnh2.es\/en\/wp-json\/wp\/v2\/posts\/7314\/revisions"}],"wp:featuredmedia":[{"embeddable":true,"href":"https:\/\/www.cnh2.es\/en\/wp-json\/wp\/v2\/media\/7313"}],"wp:attachment":[{"href":"https:\/\/www.cnh2.es\/en\/wp-json\/wp\/v2\/media?parent=7314"}],"wp:term":[{"taxonomy":"category","embeddable":true,"href":"https:\/\/www.cnh2.es\/en\/wp-json\/wp\/v2\/categories?post=7314"},{"taxonomy":"post_tag","embeddable":true,"href":"https:\/\/www.cnh2.es\/en\/wp-json\/wp\/v2\/tags?post=7314"}],"curies":[{"name":"wp","href":"https:\/\/api.w.org\/{rel}","templated":true}]}}