{"id":4457,"date":"2014-04-08T15:39:27","date_gmt":"2014-04-08T14:39:27","guid":{"rendered":"https:\/\/www.cnh2.es\/?p=4457"},"modified":"2014-04-08T15:39:27","modified_gmt":"2014-04-08T14:39:27","slug":"el-cnh2-inaugura-la-ruta-de-la-energia","status":"publish","type":"post","link":"https:\/\/www.cnh2.es\/en\/2014\/04\/08\/el-cnh2-inaugura-la-ruta-de-la-energia\/","title":{"rendered":"El CNH2 inaugura \u201dLa Ruta de la Energ\u00eda\u201d"},"content":{"rendered":"<p style=\"text-align: justify;\"><strong>El pasado 7 de abril, el Centro Nacional del Hidr\u00f3geno inauguraba \u201c<em>La Ruta de la Energ\u00eda<\/em>\u201d, que se extender\u00e1 hasta el pr\u00f3ximo d\u00eda 11 de abril. El acto cont\u00f3 con la participaci\u00f3n del Ayuntamiento de Puertollano, representantes de las empresas participantes de la actividad y los estudiantes de la Universidad de Castilla-La Mancha, primeros visitantes de esta Ruta.<\/strong><\/p>\n<p>&nbsp;<\/p>\n<p style=\"text-align: justify;\">El acto de inauguraci\u00f3n comenz\u00f3 con unas palabras de bienvenida de la Directora del CNH2, <strong>D\u00f1a. Lourdes Rodr\u00edguez<\/strong> quien manifestaba la importancia de mostrar las tecnolog\u00edas energ\u00e9ticas de Puertollano a la sociedad, cont\u00f3 con la presencia y participaci\u00f3n de la alcaldesa de Puertollano, <strong>D\u00f1a. Mayte Fern\u00e1ndez<\/strong> y los representantes de cada una de las empresas participantes de <em>La Ruta de la Energ\u00eda<\/em> (Elcogas, Endesa, Iberdrola, Isfoc y Repsol).<\/p>\n<p style=\"text-align: justify;\">La Responsable T\u00e9cnica del proyecto <em>DivulgaH2<\/em> y de esta iniciativa que forma parte del mismo, <strong>D\u00f1a. Gema Rodado<\/strong>, <a href=\"https:\/\/www.cnh2.es\/wp-content\/uploads\/2014\/04\/Inauguracion-RE-2.jpg\"><img loading=\"lazy\" decoding=\"async\" class=\"alignright size-medium wp-image-4463\" alt=\"Inauguracion RE 2\" src=\"https:\/\/www.cnh2.es\/wp-content\/uploads\/2014\/04\/Inauguracion-RE-2-300x225.jpg\" width=\"300\" height=\"225\" srcset=\"https:\/\/www.cnh2.es\/wp-content\/uploads\/2014\/04\/Inauguracion-RE-2-300x225.jpg 300w, https:\/\/www.cnh2.es\/wp-content\/uploads\/2014\/04\/Inauguracion-RE-2-768x576.jpg 768w, https:\/\/www.cnh2.es\/wp-content\/uploads\/2014\/04\/Inauguracion-RE-2-1030x773.jpg 1030w, https:\/\/www.cnh2.es\/wp-content\/uploads\/2014\/04\/Inauguracion-RE-2-705x529.jpg 705w, https:\/\/www.cnh2.es\/wp-content\/uploads\/2014\/04\/Inauguracion-RE-2-450x338.jpg 450w, https:\/\/www.cnh2.es\/wp-content\/uploads\/2014\/04\/Inauguracion-RE-2.jpg 1080w\" sizes=\"auto, (max-width: 300px) 100vw, 300px\" \/><\/a>explicaba los detalles de la misma transmitiendo que la motivaci\u00f3n de esta actividad se centra en dar la oportunidad de conocer las diferentes alternativas de producci\u00f3n de energ\u00eda existentes en la ciudad de Puertollano mediante un recorrido por el sector energ\u00e9tico de la comarca.<\/p>\n<p style=\"text-align: justify;\">Acto seguido, intervinieron los representantes de las empresas participantes en la Ruta dirigiendo unas palabras a los asistentes e invitando al aprovechamiento de esta actividad estrat\u00e9gica para el sector energ\u00e9tico de la ciudad.<\/p>\n<p style=\"text-align: justify;\">Por \u00faltimo, la alcaldesa de Puertollano, <strong>D\u00f1a. Mayte Fern\u00e1ndez<\/strong> intervino en el acto manifestando su agradecimiento por la organizaci\u00f3n y desarrollo de este tipo de iniciativas y haciendo hincapi\u00e9 en la necesidad de apostar por la energ\u00eda para garantizar el futuro\u00a0 de la ciudad.<\/p>\n<p style=\"text-align: justify;\"><a href=\"https:\/\/www.cnh2.es\/wp-content\/uploads\/2014\/04\/Inauguracion-RE-3.jpg\"><img loading=\"lazy\" decoding=\"async\" class=\"alignleft size-medium wp-image-4461\" alt=\"Inauguracion RE 3\" src=\"https:\/\/www.cnh2.es\/wp-content\/uploads\/2014\/04\/Inauguracion-RE-3-300x225.jpg\" width=\"300\" height=\"225\" srcset=\"https:\/\/www.cnh2.es\/wp-content\/uploads\/2014\/04\/Inauguracion-RE-3-300x225.jpg 300w, https:\/\/www.cnh2.es\/wp-content\/uploads\/2014\/04\/Inauguracion-RE-3-768x576.jpg 768w, https:\/\/www.cnh2.es\/wp-content\/uploads\/2014\/04\/Inauguracion-RE-3-1030x773.jpg 1030w, https:\/\/www.cnh2.es\/wp-content\/uploads\/2014\/04\/Inauguracion-RE-3-705x529.jpg 705w, https:\/\/www.cnh2.es\/wp-content\/uploads\/2014\/04\/Inauguracion-RE-3-450x338.jpg 450w, https:\/\/www.cnh2.es\/wp-content\/uploads\/2014\/04\/Inauguracion-RE-3.jpg 1080w\" sizes=\"auto, (max-width: 300px) 100vw, 300px\" \/><\/a>Finalmente, la alcaldesa declar\u00f3 inaugurada <em>La Ruta de la Energ\u00eda<\/em> que comenz\u00f3 por la visita de las instalaciones del Centro Nacional del Hidr\u00f3geno acompa\u00f1ada por las explicaciones de sus t\u00e9cnicos relativas a las tecnolog\u00edas de hidr\u00f3geno y pilas de combustible, y seguir\u00eda con la visita a las empresas colaboradoras anteriormente mencionadas.<\/p>\n<p>&nbsp;<\/p>\n<p style=\"text-align: justify;\">El proyecto DivulgaH2, financiado por la Fundaci\u00f3n Espa\u00f1ola para la Ciencia y la Tecnolog\u00eda y el Ministerio de Econom\u00eda y Competitividad, se realiza debido al compromiso que el CNH2 tiene con las labores de divulgaci\u00f3n cient\u00edfico-t\u00e9cnica y con el objetivo principal de dar a conocer, formar y demostrar las tecnolog\u00edas energ\u00e9ticas, de hidr\u00f3geno y pilas de combustible a diferentes p\u00fablicos objetivo as\u00ed como fomentar la vocaci\u00f3n cient\u00edfica entre los m\u00e1s j\u00f3venes.<\/p>\n<p style=\"text-align: justify;\"><em>La Ruta de la Energ\u00eda: Actividad perteneciente al Proyecto DivulgaH2 FCT-13-6638 financiado por la Fundaci\u00f3n Espa\u00f1ola para la Ciencia y la Tecnolog\u00eda (FECYT) \u2013 Ministerio de Econom\u00eda y Competitividad.<\/em><\/p>\n<p style=\"text-align: justify;\"><a href=\"https:\/\/www.cnh2.es\/wp-content\/uploads\/2014\/03\/logo_MINECO_FECYT_Web_color1.jpg\"><img loading=\"lazy\" decoding=\"async\" class=\"alignleft size-medium wp-image-4395\" alt=\"logo_MINECO_FECYT_Web_color\" src=\"https:\/\/www.cnh2.es\/wp-content\/uploads\/2014\/03\/logo_MINECO_FECYT_Web_color1-300x38.jpg\" width=\"300\" height=\"38\" srcset=\"https:\/\/www.cnh2.es\/wp-content\/uploads\/2014\/03\/logo_MINECO_FECYT_Web_color1-300x38.jpg 300w, https:\/\/www.cnh2.es\/wp-content\/uploads\/2014\/03\/logo_MINECO_FECYT_Web_color1-768x98.jpg 768w, https:\/\/www.cnh2.es\/wp-content\/uploads\/2014\/03\/logo_MINECO_FECYT_Web_color1-1030x131.jpg 1030w, https:\/\/www.cnh2.es\/wp-content\/uploads\/2014\/03\/logo_MINECO_FECYT_Web_color1-1500x191.jpg 1500w, https:\/\/www.cnh2.es\/wp-content\/uploads\/2014\/03\/logo_MINECO_FECYT_Web_color1-705x90.jpg 705w, https:\/\/www.cnh2.es\/wp-content\/uploads\/2014\/03\/logo_MINECO_FECYT_Web_color1-450x57.jpg 450w\" sizes=\"auto, (max-width: 300px) 100vw, 300px\" \/><\/a><\/p>\n","protected":false},"excerpt":{"rendered":"<p>El pasado 7 de abril, el Centro Nacional del Hidr\u00f3geno inauguraba \u201cLa Ruta de la Energ\u00eda\u201d, que se extender\u00e1 hasta el pr\u00f3ximo d\u00eda 11 de abril. El acto cont\u00f3 con la participaci\u00f3n del Ayuntamiento de Puertollano, representantes de las empresas participantes de la actividad y los estudiantes de la Universidad de Castilla-La Mancha, primeros visitantes [&hellip;]<\/p>\n","protected":false},"author":2,"featured_media":4462,"comment_status":"closed","ping_status":"closed","sticky":false,"template":"","format":"standard","meta":{"_lmt_disableupdate":"","_lmt_disable":"","footnotes":""},"categories":[100,101],"tags":[],"class_list":["post-4457","post","type-post","status-publish","format-standard","has-post-thumbnail","hentry","category-cnh2-news","category-press"],"yoast_head":"<!-- This site is optimized with the Yoast SEO plugin v27.4 - https:\/\/yoast.com\/product\/yoast-seo-wordpress\/ -->\n<title>El CNH2 inaugura \u201dLa Ruta de la Energ\u00eda\u201d - Centro Nacional del Hidr\u00f3geno<\/title>\n<meta name=\"robots\" content=\"index, follow, max-snippet:-1, max-image-preview:large, max-video-preview:-1\" \/>\n<link rel=\"canonical\" href=\"https:\/\/www.cnh2.es\/en\/2014\/04\/08\/el-cnh2-inaugura-la-ruta-de-la-energia\/\" \/>\n<meta property=\"og:locale\" content=\"en_US\" \/>\n<meta property=\"og:type\" content=\"article\" \/>\n<meta property=\"og:title\" content=\"El CNH2 inaugura \u201dLa Ruta de la Energ\u00eda\u201d - Centro Nacional del Hidr\u00f3geno\" \/>\n<meta property=\"og:description\" content=\"El pasado 7 de abril, el Centro Nacional del Hidr\u00f3geno inauguraba \u201cLa Ruta de la Energ\u00eda\u201d, que se extender\u00e1 hasta el pr\u00f3ximo d\u00eda 11 de abril. El acto cont\u00f3 con la participaci\u00f3n del Ayuntamiento de Puertollano, representantes de las empresas participantes de la actividad y los estudiantes de la Universidad de Castilla-La Mancha, primeros visitantes [&hellip;]\" \/>\n<meta property=\"og:url\" content=\"https:\/\/www.cnh2.es\/en\/2014\/04\/08\/el-cnh2-inaugura-la-ruta-de-la-energia\/\" \/>\n<meta property=\"og:site_name\" content=\"Centro Nacional del Hidr\u00f3geno\" \/>\n<meta property=\"article:published_time\" content=\"2014-04-08T14:39:27+00:00\" \/>\n<meta property=\"og:image\" content=\"https:\/\/www.cnh2.es\/wp-content\/uploads\/2014\/04\/Inauguracion-RE-1.jpg\" \/>\n\t<meta property=\"og:image:width\" content=\"1080\" \/>\n\t<meta property=\"og:image:height\" content=\"810\" \/>\n\t<meta property=\"og:image:type\" content=\"image\/jpeg\" \/>\n<meta name=\"author\" content=\"cnh2\" \/>\n<meta name=\"twitter:card\" content=\"summary_large_image\" \/>\n<meta name=\"twitter:label1\" content=\"Written by\" \/>\n\t<meta name=\"twitter:data1\" content=\"cnh2\" \/>\n\t<meta name=\"twitter:label2\" content=\"Est. reading time\" \/>\n\t<meta name=\"twitter:data2\" content=\"2 minutes\" \/>\n<script type=\"application\/ld+json\" class=\"yoast-schema-graph\">{\"@context\":\"https:\\\/\\\/schema.org\",\"@graph\":[{\"@type\":\"Article\",\"@id\":\"https:\\\/\\\/www.cnh2.es\\\/en\\\/2014\\\/04\\\/08\\\/el-cnh2-inaugura-la-ruta-de-la-energia\\\/#article\",\"isPartOf\":{\"@id\":\"https:\\\/\\\/www.cnh2.es\\\/en\\\/2014\\\/04\\\/08\\\/el-cnh2-inaugura-la-ruta-de-la-energia\\\/\"},\"author\":{\"name\":\"cnh2\",\"@id\":\"https:\\\/\\\/www.cnh2.es\\\/#\\\/schema\\\/person\\\/c7e71b9e0bb7fc06b5c90f489a3b08c9\"},\"headline\":\"El CNH2 inaugura \u201dLa Ruta de la Energ\u00eda\u201d\",\"datePublished\":\"2014-04-08T14:39:27+00:00\",\"mainEntityOfPage\":{\"@id\":\"https:\\\/\\\/www.cnh2.es\\\/en\\\/2014\\\/04\\\/08\\\/el-cnh2-inaugura-la-ruta-de-la-energia\\\/\"},\"wordCount\":478,\"image\":{\"@id\":\"https:\\\/\\\/www.cnh2.es\\\/en\\\/2014\\\/04\\\/08\\\/el-cnh2-inaugura-la-ruta-de-la-energia\\\/#primaryimage\"},\"thumbnailUrl\":\"https:\\\/\\\/www.cnh2.es\\\/wp-content\\\/uploads\\\/2014\\\/04\\\/Inauguracion-RE-1.jpg\",\"articleSection\":[\"CNH2 News\",\"Press\"],\"inLanguage\":\"en-US\"},{\"@type\":\"WebPage\",\"@id\":\"https:\\\/\\\/www.cnh2.es\\\/en\\\/2014\\\/04\\\/08\\\/el-cnh2-inaugura-la-ruta-de-la-energia\\\/\",\"url\":\"https:\\\/\\\/www.cnh2.es\\\/en\\\/2014\\\/04\\\/08\\\/el-cnh2-inaugura-la-ruta-de-la-energia\\\/\",\"name\":\"El CNH2 inaugura \u201dLa Ruta de la Energ\u00eda\u201d - Centro Nacional del Hidr\u00f3geno\",\"isPartOf\":{\"@id\":\"https:\\\/\\\/www.cnh2.es\\\/#website\"},\"primaryImageOfPage\":{\"@id\":\"https:\\\/\\\/www.cnh2.es\\\/en\\\/2014\\\/04\\\/08\\\/el-cnh2-inaugura-la-ruta-de-la-energia\\\/#primaryimage\"},\"image\":{\"@id\":\"https:\\\/\\\/www.cnh2.es\\\/en\\\/2014\\\/04\\\/08\\\/el-cnh2-inaugura-la-ruta-de-la-energia\\\/#primaryimage\"},\"thumbnailUrl\":\"https:\\\/\\\/www.cnh2.es\\\/wp-content\\\/uploads\\\/2014\\\/04\\\/Inauguracion-RE-1.jpg\",\"datePublished\":\"2014-04-08T14:39:27+00:00\",\"author\":{\"@id\":\"https:\\\/\\\/www.cnh2.es\\\/#\\\/schema\\\/person\\\/c7e71b9e0bb7fc06b5c90f489a3b08c9\"},\"breadcrumb\":{\"@id\":\"https:\\\/\\\/www.cnh2.es\\\/en\\\/2014\\\/04\\\/08\\\/el-cnh2-inaugura-la-ruta-de-la-energia\\\/#breadcrumb\"},\"inLanguage\":\"en-US\",\"potentialAction\":[{\"@type\":\"ReadAction\",\"target\":[\"https:\\\/\\\/www.cnh2.es\\\/en\\\/2014\\\/04\\\/08\\\/el-cnh2-inaugura-la-ruta-de-la-energia\\\/\"]}]},{\"@type\":\"ImageObject\",\"inLanguage\":\"en-US\",\"@id\":\"https:\\\/\\\/www.cnh2.es\\\/en\\\/2014\\\/04\\\/08\\\/el-cnh2-inaugura-la-ruta-de-la-energia\\\/#primaryimage\",\"url\":\"https:\\\/\\\/www.cnh2.es\\\/wp-content\\\/uploads\\\/2014\\\/04\\\/Inauguracion-RE-1.jpg\",\"contentUrl\":\"https:\\\/\\\/www.cnh2.es\\\/wp-content\\\/uploads\\\/2014\\\/04\\\/Inauguracion-RE-1.jpg\",\"width\":1080,\"height\":810},{\"@type\":\"BreadcrumbList\",\"@id\":\"https:\\\/\\\/www.cnh2.es\\\/en\\\/2014\\\/04\\\/08\\\/el-cnh2-inaugura-la-ruta-de-la-energia\\\/#breadcrumb\",\"itemListElement\":[{\"@type\":\"ListItem\",\"position\":1,\"name\":\"Home\",\"item\":\"https:\\\/\\\/www.cnh2.es\\\/en\\\/\"},{\"@type\":\"ListItem\",\"position\":2,\"name\":\"El CNH2 inaugura \u201dLa Ruta de la Energ\u00eda\u201d\"}]},{\"@type\":\"WebSite\",\"@id\":\"https:\\\/\\\/www.cnh2.es\\\/#website\",\"url\":\"https:\\\/\\\/www.cnh2.es\\\/\",\"name\":\"Centro Nacional del Hidr\u00f3geno\",\"description\":\"El Centro Nacional del Hidr\u00f3geno (CNH2), es una instalaci\u00f3n de nueva creaci\u00f3n dedicada en exclusividad a la investigaci\u00f3n y desarrollo de las tecnolog\u00edas del...\",\"potentialAction\":[{\"@type\":\"SearchAction\",\"target\":{\"@type\":\"EntryPoint\",\"urlTemplate\":\"https:\\\/\\\/www.cnh2.es\\\/?s={search_term_string}\"},\"query-input\":{\"@type\":\"PropertyValueSpecification\",\"valueRequired\":true,\"valueName\":\"search_term_string\"}}],\"inLanguage\":\"en-US\"},{\"@type\":\"Person\",\"@id\":\"https:\\\/\\\/www.cnh2.es\\\/#\\\/schema\\\/person\\\/c7e71b9e0bb7fc06b5c90f489a3b08c9\",\"name\":\"cnh2\",\"image\":{\"@type\":\"ImageObject\",\"inLanguage\":\"en-US\",\"@id\":\"https:\\\/\\\/secure.gravatar.com\\\/avatar\\\/3f38779628ec8f379d10b11b1983755d8d5ceb434c57e13b8b1e62ad66b9800f?s=96&d=mm&r=g\",\"url\":\"https:\\\/\\\/secure.gravatar.com\\\/avatar\\\/3f38779628ec8f379d10b11b1983755d8d5ceb434c57e13b8b1e62ad66b9800f?s=96&d=mm&r=g\",\"contentUrl\":\"https:\\\/\\\/secure.gravatar.com\\\/avatar\\\/3f38779628ec8f379d10b11b1983755d8d5ceb434c57e13b8b1e62ad66b9800f?s=96&d=mm&r=g\",\"caption\":\"cnh2\"}}]}<\/script>\n<!-- \/ Yoast SEO plugin. -->","yoast_head_json":{"title":"El CNH2 inaugura \u201dLa Ruta de la Energ\u00eda\u201d - Centro Nacional del Hidr\u00f3geno","robots":{"index":"index","follow":"follow","max-snippet":"max-snippet:-1","max-image-preview":"max-image-preview:large","max-video-preview":"max-video-preview:-1"},"canonical":"https:\/\/www.cnh2.es\/en\/2014\/04\/08\/el-cnh2-inaugura-la-ruta-de-la-energia\/","og_locale":"en_US","og_type":"article","og_title":"El CNH2 inaugura \u201dLa Ruta de la Energ\u00eda\u201d - Centro Nacional del Hidr\u00f3geno","og_description":"El pasado 7 de abril, el Centro Nacional del Hidr\u00f3geno inauguraba \u201cLa Ruta de la Energ\u00eda\u201d, que se extender\u00e1 hasta el pr\u00f3ximo d\u00eda 11 de abril. El acto cont\u00f3 con la participaci\u00f3n del Ayuntamiento de Puertollano, representantes de las empresas participantes de la actividad y los estudiantes de la Universidad de Castilla-La Mancha, primeros visitantes [&hellip;]","og_url":"https:\/\/www.cnh2.es\/en\/2014\/04\/08\/el-cnh2-inaugura-la-ruta-de-la-energia\/","og_site_name":"Centro Nacional del Hidr\u00f3geno","article_published_time":"2014-04-08T14:39:27+00:00","og_image":[{"width":1080,"height":810,"url":"https:\/\/www.cnh2.es\/wp-content\/uploads\/2014\/04\/Inauguracion-RE-1.jpg","type":"image\/jpeg"}],"author":"cnh2","twitter_card":"summary_large_image","twitter_misc":{"Written by":"cnh2","Est. reading time":"2 minutes"},"schema":{"@context":"https:\/\/schema.org","@graph":[{"@type":"Article","@id":"https:\/\/www.cnh2.es\/en\/2014\/04\/08\/el-cnh2-inaugura-la-ruta-de-la-energia\/#article","isPartOf":{"@id":"https:\/\/www.cnh2.es\/en\/2014\/04\/08\/el-cnh2-inaugura-la-ruta-de-la-energia\/"},"author":{"name":"cnh2","@id":"https:\/\/www.cnh2.es\/#\/schema\/person\/c7e71b9e0bb7fc06b5c90f489a3b08c9"},"headline":"El CNH2 inaugura \u201dLa Ruta de la Energ\u00eda\u201d","datePublished":"2014-04-08T14:39:27+00:00","mainEntityOfPage":{"@id":"https:\/\/www.cnh2.es\/en\/2014\/04\/08\/el-cnh2-inaugura-la-ruta-de-la-energia\/"},"wordCount":478,"image":{"@id":"https:\/\/www.cnh2.es\/en\/2014\/04\/08\/el-cnh2-inaugura-la-ruta-de-la-energia\/#primaryimage"},"thumbnailUrl":"https:\/\/www.cnh2.es\/wp-content\/uploads\/2014\/04\/Inauguracion-RE-1.jpg","articleSection":["CNH2 News","Press"],"inLanguage":"en-US"},{"@type":"WebPage","@id":"https:\/\/www.cnh2.es\/en\/2014\/04\/08\/el-cnh2-inaugura-la-ruta-de-la-energia\/","url":"https:\/\/www.cnh2.es\/en\/2014\/04\/08\/el-cnh2-inaugura-la-ruta-de-la-energia\/","name":"El CNH2 inaugura \u201dLa Ruta de la Energ\u00eda\u201d - Centro Nacional del Hidr\u00f3geno","isPartOf":{"@id":"https:\/\/www.cnh2.es\/#website"},"primaryImageOfPage":{"@id":"https:\/\/www.cnh2.es\/en\/2014\/04\/08\/el-cnh2-inaugura-la-ruta-de-la-energia\/#primaryimage"},"image":{"@id":"https:\/\/www.cnh2.es\/en\/2014\/04\/08\/el-cnh2-inaugura-la-ruta-de-la-energia\/#primaryimage"},"thumbnailUrl":"https:\/\/www.cnh2.es\/wp-content\/uploads\/2014\/04\/Inauguracion-RE-1.jpg","datePublished":"2014-04-08T14:39:27+00:00","author":{"@id":"https:\/\/www.cnh2.es\/#\/schema\/person\/c7e71b9e0bb7fc06b5c90f489a3b08c9"},"breadcrumb":{"@id":"https:\/\/www.cnh2.es\/en\/2014\/04\/08\/el-cnh2-inaugura-la-ruta-de-la-energia\/#breadcrumb"},"inLanguage":"en-US","potentialAction":[{"@type":"ReadAction","target":["https:\/\/www.cnh2.es\/en\/2014\/04\/08\/el-cnh2-inaugura-la-ruta-de-la-energia\/"]}]},{"@type":"ImageObject","inLanguage":"en-US","@id":"https:\/\/www.cnh2.es\/en\/2014\/04\/08\/el-cnh2-inaugura-la-ruta-de-la-energia\/#primaryimage","url":"https:\/\/www.cnh2.es\/wp-content\/uploads\/2014\/04\/Inauguracion-RE-1.jpg","contentUrl":"https:\/\/www.cnh2.es\/wp-content\/uploads\/2014\/04\/Inauguracion-RE-1.jpg","width":1080,"height":810},{"@type":"BreadcrumbList","@id":"https:\/\/www.cnh2.es\/en\/2014\/04\/08\/el-cnh2-inaugura-la-ruta-de-la-energia\/#breadcrumb","itemListElement":[{"@type":"ListItem","position":1,"name":"Home","item":"https:\/\/www.cnh2.es\/en\/"},{"@type":"ListItem","position":2,"name":"El CNH2 inaugura \u201dLa Ruta de la Energ\u00eda\u201d"}]},{"@type":"WebSite","@id":"https:\/\/www.cnh2.es\/#website","url":"https:\/\/www.cnh2.es\/","name":"Centro Nacional del Hidr\u00f3geno","description":"El Centro Nacional del Hidr\u00f3geno (CNH2), es una instalaci\u00f3n de nueva creaci\u00f3n dedicada en exclusividad a la investigaci\u00f3n y desarrollo de las tecnolog\u00edas del...","potentialAction":[{"@type":"SearchAction","target":{"@type":"EntryPoint","urlTemplate":"https:\/\/www.cnh2.es\/?s={search_term_string}"},"query-input":{"@type":"PropertyValueSpecification","valueRequired":true,"valueName":"search_term_string"}}],"inLanguage":"en-US"},{"@type":"Person","@id":"https:\/\/www.cnh2.es\/#\/schema\/person\/c7e71b9e0bb7fc06b5c90f489a3b08c9","name":"cnh2","image":{"@type":"ImageObject","inLanguage":"en-US","@id":"https:\/\/secure.gravatar.com\/avatar\/3f38779628ec8f379d10b11b1983755d8d5ceb434c57e13b8b1e62ad66b9800f?s=96&d=mm&r=g","url":"https:\/\/secure.gravatar.com\/avatar\/3f38779628ec8f379d10b11b1983755d8d5ceb434c57e13b8b1e62ad66b9800f?s=96&d=mm&r=g","contentUrl":"https:\/\/secure.gravatar.com\/avatar\/3f38779628ec8f379d10b11b1983755d8d5ceb434c57e13b8b1e62ad66b9800f?s=96&d=mm&r=g","caption":"cnh2"}}]}},"modified_by":"cnh2","_links":{"self":[{"href":"https:\/\/www.cnh2.es\/en\/wp-json\/wp\/v2\/posts\/4457","targetHints":{"allow":["GET"]}}],"collection":[{"href":"https:\/\/www.cnh2.es\/en\/wp-json\/wp\/v2\/posts"}],"about":[{"href":"https:\/\/www.cnh2.es\/en\/wp-json\/wp\/v2\/types\/post"}],"author":[{"embeddable":true,"href":"https:\/\/www.cnh2.es\/en\/wp-json\/wp\/v2\/users\/2"}],"replies":[{"embeddable":true,"href":"https:\/\/www.cnh2.es\/en\/wp-json\/wp\/v2\/comments?post=4457"}],"version-history":[{"count":0,"href":"https:\/\/www.cnh2.es\/en\/wp-json\/wp\/v2\/posts\/4457\/revisions"}],"wp:featuredmedia":[{"embeddable":true,"href":"https:\/\/www.cnh2.es\/en\/wp-json\/wp\/v2\/media\/4462"}],"wp:attachment":[{"href":"https:\/\/www.cnh2.es\/en\/wp-json\/wp\/v2\/media?parent=4457"}],"wp:term":[{"taxonomy":"category","embeddable":true,"href":"https:\/\/www.cnh2.es\/en\/wp-json\/wp\/v2\/categories?post=4457"},{"taxonomy":"post_tag","embeddable":true,"href":"https:\/\/www.cnh2.es\/en\/wp-json\/wp\/v2\/tags?post=4457"}],"curies":[{"name":"wp","href":"https:\/\/api.w.org\/{rel}","templated":true}]}}