{"id":4441,"date":"2014-04-02T16:13:07","date_gmt":"2014-04-02T15:13:07","guid":{"rendered":"https:\/\/www.cnh2.es\/?p=4441"},"modified":"2014-04-02T16:13:07","modified_gmt":"2014-04-02T15:13:07","slug":"la-ruta-de-la-energia-acerca-el-sector-energetico-de-puertollano-a-la-sociedad","status":"publish","type":"post","link":"https:\/\/www.cnh2.es\/en\/2014\/04\/02\/la-ruta-de-la-energia-acerca-el-sector-energetico-de-puertollano-a-la-sociedad\/","title":{"rendered":"\u201cLa Ruta de la Energ\u00eda\u201d acerca el Sector Energ\u00e9tico de Puertollano a la sociedad"},"content":{"rendered":"<p><!--:es--><strong>Quedan pocos d\u00edas para la celebraci\u00f3n de la actividad \u201cLa Ruta de la Energ\u00eda. Un recorrido por el sector energ\u00e9tico de Puertollano\u201d, que tendr\u00e1 lugar entre los pr\u00f3ximos d\u00edas 7 y 11 de abril en la ciudad de Puertollano.<\/strong><\/p>\n<p>La Ruta de la Energ\u00eda, organizada por el Centro Nacional del Hidr\u00f3geno (CNH2) y con la participaci\u00f3n de entidades como <strong>ELCOGAS, ENDESA, IBERDROLA, ISFOC Y REPSOL<\/strong>, as\u00ed como la colaboraci\u00f3n del <strong>Ayuntamiento de Puertollano<\/strong> tiene como objetivo acercar a la sociedad y mostrar de primera mano las tecnolog\u00edas energ\u00e9ticas en la comarca de Puertollano.<\/p>\n<p>La Ruta de la Energ\u00eda est\u00e1 dirigida a universitarios, empresarios, alumnos de la Escuela de Adultos de Puertollano y a cualquier ciudadano en general que tenga inter\u00e9s por conocer las tecnolog\u00edas energ\u00e9ticas de Puertollano realiz\u00e1ndose el recorrido en autob\u00fas entre los d\u00edas 7 y 11 de abril en horario de ma\u00f1ana, y las visitas quedar\u00e1n fijadas seg\u00fan el siguiente programa:<\/p>\n<p><strong>7 de abril<\/strong>: Personal universitario. Salida desde el Campus Universitario de Ciudad Real.<\/p>\n<p><strong>8 de abril<\/strong>: Empresarios. Salida desde el centro de Puertollano.<\/p>\n<p><strong>9 de abril<\/strong>: Personal universitario. Salida desde el Campus Universitario de Ciudad Real.<\/p>\n<p><strong>10 de abril<\/strong>: Alumnos Escuelas de Adultos. Salida desde el centro de Puertollano.<\/p>\n<p><strong>11 de abril<\/strong>: Ciudadanos. Salida desde el centro de Puertollano.<\/p>\n<p>Esta actividad, junto a otras que tendr\u00e1n lugar pr\u00f3ximamente, forma parte del proyecto <strong>DivulgaH2<\/strong> con la intenci\u00f3n de realizar una divulgaci\u00f3n cient\u00edfico-t\u00e9cnica de la energ\u00eda, las tecnolog\u00edas de hidr\u00f3geno y pilas de combustible, d\u00e1ndolas a conocer y exponiendo sus propiedades a la sociedad.<\/p>\n<p>Contacta con nosotros en el correo electr\u00f3nico: <a href=\"mailto:divulgah2@cnh2.es\">divulgah2@cnh2.es<\/a> o en el tel\u00e9fono 926 420 682.<\/p>\n<p>Para m\u00e1s informaci\u00f3n puedes descargar nuestro <a title=\"Tr\u00edptico La Ruta de la Energ\u00eda\" href=\"https:\/\/www.cnh2.es\/wp-content\/uploads\/2014\/04\/Triptico_Ruta-Energ\u00eda_DivulgaH2.pdf\" target=\"_blank\"><i>tr\u00edptico<\/i><\/a>.<\/p>\n<p><em>Actividad perteneciente al Proyecto DivulgaH2 FCT-13-6638 financiado por la Fundaci\u00f3n Espa\u00f1ola para la Ciencia y la Tecnolog\u00eda (FECYT) \u2013 Ministerio de Econom\u00eda y Competitividad.<\/em><\/p>\n<p><a href=\"https:\/\/www.cnh2.es\/wp-content\/uploads\/2014\/03\/logo_MINECO_FECYT_Web_color1.jpg\"><img loading=\"lazy\" decoding=\"async\" class=\"alignleft size-medium wp-image-4395\" alt=\"logo_MINECO_FECYT_Web_color\" src=\"https:\/\/www.cnh2.es\/wp-content\/uploads\/2014\/03\/logo_MINECO_FECYT_Web_color1-300x38.jpg\" width=\"300\" height=\"38\" srcset=\"https:\/\/www.cnh2.es\/wp-content\/uploads\/2014\/03\/logo_MINECO_FECYT_Web_color1-300x38.jpg 300w, https:\/\/www.cnh2.es\/wp-content\/uploads\/2014\/03\/logo_MINECO_FECYT_Web_color1-768x98.jpg 768w, https:\/\/www.cnh2.es\/wp-content\/uploads\/2014\/03\/logo_MINECO_FECYT_Web_color1-1030x131.jpg 1030w, https:\/\/www.cnh2.es\/wp-content\/uploads\/2014\/03\/logo_MINECO_FECYT_Web_color1-1500x191.jpg 1500w, https:\/\/www.cnh2.es\/wp-content\/uploads\/2014\/03\/logo_MINECO_FECYT_Web_color1-705x90.jpg 705w, https:\/\/www.cnh2.es\/wp-content\/uploads\/2014\/03\/logo_MINECO_FECYT_Web_color1-450x57.jpg 450w\" sizes=\"auto, (max-width: 300px) 100vw, 300px\" \/><\/a><!--:--><\/p>\n","protected":false},"excerpt":{"rendered":"<p>Quedan pocos d\u00edas para la celebraci\u00f3n de la actividad \u201cLa Ruta de la Energ\u00eda. Un recorrido por el sector energ\u00e9tico de Puertollano\u201d, que tendr\u00e1 lugar entre los pr\u00f3ximos d\u00edas 7 y 11 de abril en la ciudad de Puertollano. La Ruta de la Energ\u00eda, organizada por el Centro Nacional del Hidr\u00f3geno (CNH2) y con la [&hellip;]<\/p>\n","protected":false},"author":2,"featured_media":4445,"comment_status":"closed","ping_status":"closed","sticky":false,"template":"","format":"standard","meta":{"_lmt_disableupdate":"","_lmt_disable":"","footnotes":""},"categories":[100],"tags":[],"class_list":["post-4441","post","type-post","status-publish","format-standard","has-post-thumbnail","hentry","category-cnh2-news"],"yoast_head":"<!-- This site is optimized with the Yoast SEO plugin v27.4 - https:\/\/yoast.com\/product\/yoast-seo-wordpress\/ -->\n<title>\u201cLa Ruta de la Energ\u00eda\u201d acerca el Sector Energ\u00e9tico de Puertollano a la sociedad - Centro Nacional del Hidr\u00f3geno<\/title>\n<meta name=\"robots\" content=\"index, follow, max-snippet:-1, max-image-preview:large, max-video-preview:-1\" \/>\n<link rel=\"canonical\" href=\"https:\/\/www.cnh2.es\/en\/2014\/04\/02\/la-ruta-de-la-energia-acerca-el-sector-energetico-de-puertollano-a-la-sociedad\/\" \/>\n<meta property=\"og:locale\" content=\"en_US\" \/>\n<meta property=\"og:type\" content=\"article\" \/>\n<meta property=\"og:title\" content=\"\u201cLa Ruta de la Energ\u00eda\u201d acerca el Sector Energ\u00e9tico de Puertollano a la sociedad - Centro Nacional del Hidr\u00f3geno\" \/>\n<meta property=\"og:description\" content=\"Quedan pocos d\u00edas para la celebraci\u00f3n de la actividad \u201cLa Ruta de la Energ\u00eda. Un recorrido por el sector energ\u00e9tico de Puertollano\u201d, que tendr\u00e1 lugar entre los pr\u00f3ximos d\u00edas 7 y 11 de abril en la ciudad de Puertollano. La Ruta de la Energ\u00eda, organizada por el Centro Nacional del Hidr\u00f3geno (CNH2) y con la [&hellip;]\" \/>\n<meta property=\"og:url\" content=\"https:\/\/www.cnh2.es\/en\/2014\/04\/02\/la-ruta-de-la-energia-acerca-el-sector-energetico-de-puertollano-a-la-sociedad\/\" \/>\n<meta property=\"og:site_name\" content=\"Centro Nacional del Hidr\u00f3geno\" \/>\n<meta property=\"article:published_time\" content=\"2014-04-02T15:13:07+00:00\" \/>\n<meta property=\"og:image\" content=\"https:\/\/www.cnh2.es\/wp-content\/uploads\/2014\/04\/Cartel_RutaEnergia_CNH2.jpg\" \/>\n\t<meta property=\"og:image:width\" content=\"1776\" \/>\n\t<meta property=\"og:image:height\" content=\"2457\" \/>\n\t<meta property=\"og:image:type\" content=\"image\/jpeg\" \/>\n<meta name=\"author\" content=\"cnh2\" \/>\n<meta name=\"twitter:card\" content=\"summary_large_image\" \/>\n<meta name=\"twitter:label1\" content=\"Written by\" \/>\n\t<meta name=\"twitter:data1\" content=\"cnh2\" \/>\n\t<meta name=\"twitter:label2\" content=\"Est. reading time\" \/>\n\t<meta name=\"twitter:data2\" content=\"2 minutes\" \/>\n<script type=\"application\/ld+json\" class=\"yoast-schema-graph\">{\"@context\":\"https:\\\/\\\/schema.org\",\"@graph\":[{\"@type\":\"Article\",\"@id\":\"https:\\\/\\\/www.cnh2.es\\\/en\\\/2014\\\/04\\\/02\\\/la-ruta-de-la-energia-acerca-el-sector-energetico-de-puertollano-a-la-sociedad\\\/#article\",\"isPartOf\":{\"@id\":\"https:\\\/\\\/www.cnh2.es\\\/en\\\/2014\\\/04\\\/02\\\/la-ruta-de-la-energia-acerca-el-sector-energetico-de-puertollano-a-la-sociedad\\\/\"},\"author\":{\"name\":\"cnh2\",\"@id\":\"https:\\\/\\\/www.cnh2.es\\\/#\\\/schema\\\/person\\\/c7e71b9e0bb7fc06b5c90f489a3b08c9\"},\"headline\":\"\u201cLa Ruta de la Energ\u00eda\u201d acerca el Sector Energ\u00e9tico de Puertollano a la sociedad\",\"datePublished\":\"2014-04-02T15:13:07+00:00\",\"mainEntityOfPage\":{\"@id\":\"https:\\\/\\\/www.cnh2.es\\\/en\\\/2014\\\/04\\\/02\\\/la-ruta-de-la-energia-acerca-el-sector-energetico-de-puertollano-a-la-sociedad\\\/\"},\"wordCount\":348,\"image\":{\"@id\":\"https:\\\/\\\/www.cnh2.es\\\/en\\\/2014\\\/04\\\/02\\\/la-ruta-de-la-energia-acerca-el-sector-energetico-de-puertollano-a-la-sociedad\\\/#primaryimage\"},\"thumbnailUrl\":\"https:\\\/\\\/www.cnh2.es\\\/wp-content\\\/uploads\\\/2014\\\/04\\\/Cartel_RutaEnergia_CNH2.jpg\",\"articleSection\":[\"CNH2 News\"],\"inLanguage\":\"en-US\"},{\"@type\":\"WebPage\",\"@id\":\"https:\\\/\\\/www.cnh2.es\\\/en\\\/2014\\\/04\\\/02\\\/la-ruta-de-la-energia-acerca-el-sector-energetico-de-puertollano-a-la-sociedad\\\/\",\"url\":\"https:\\\/\\\/www.cnh2.es\\\/en\\\/2014\\\/04\\\/02\\\/la-ruta-de-la-energia-acerca-el-sector-energetico-de-puertollano-a-la-sociedad\\\/\",\"name\":\"\u201cLa Ruta de la Energ\u00eda\u201d acerca el Sector Energ\u00e9tico de Puertollano a la sociedad - Centro Nacional del Hidr\u00f3geno\",\"isPartOf\":{\"@id\":\"https:\\\/\\\/www.cnh2.es\\\/#website\"},\"primaryImageOfPage\":{\"@id\":\"https:\\\/\\\/www.cnh2.es\\\/en\\\/2014\\\/04\\\/02\\\/la-ruta-de-la-energia-acerca-el-sector-energetico-de-puertollano-a-la-sociedad\\\/#primaryimage\"},\"image\":{\"@id\":\"https:\\\/\\\/www.cnh2.es\\\/en\\\/2014\\\/04\\\/02\\\/la-ruta-de-la-energia-acerca-el-sector-energetico-de-puertollano-a-la-sociedad\\\/#primaryimage\"},\"thumbnailUrl\":\"https:\\\/\\\/www.cnh2.es\\\/wp-content\\\/uploads\\\/2014\\\/04\\\/Cartel_RutaEnergia_CNH2.jpg\",\"datePublished\":\"2014-04-02T15:13:07+00:00\",\"author\":{\"@id\":\"https:\\\/\\\/www.cnh2.es\\\/#\\\/schema\\\/person\\\/c7e71b9e0bb7fc06b5c90f489a3b08c9\"},\"breadcrumb\":{\"@id\":\"https:\\\/\\\/www.cnh2.es\\\/en\\\/2014\\\/04\\\/02\\\/la-ruta-de-la-energia-acerca-el-sector-energetico-de-puertollano-a-la-sociedad\\\/#breadcrumb\"},\"inLanguage\":\"en-US\",\"potentialAction\":[{\"@type\":\"ReadAction\",\"target\":[\"https:\\\/\\\/www.cnh2.es\\\/en\\\/2014\\\/04\\\/02\\\/la-ruta-de-la-energia-acerca-el-sector-energetico-de-puertollano-a-la-sociedad\\\/\"]}]},{\"@type\":\"ImageObject\",\"inLanguage\":\"en-US\",\"@id\":\"https:\\\/\\\/www.cnh2.es\\\/en\\\/2014\\\/04\\\/02\\\/la-ruta-de-la-energia-acerca-el-sector-energetico-de-puertollano-a-la-sociedad\\\/#primaryimage\",\"url\":\"https:\\\/\\\/www.cnh2.es\\\/wp-content\\\/uploads\\\/2014\\\/04\\\/Cartel_RutaEnergia_CNH2.jpg\",\"contentUrl\":\"https:\\\/\\\/www.cnh2.es\\\/wp-content\\\/uploads\\\/2014\\\/04\\\/Cartel_RutaEnergia_CNH2.jpg\",\"width\":1776,\"height\":2457},{\"@type\":\"BreadcrumbList\",\"@id\":\"https:\\\/\\\/www.cnh2.es\\\/en\\\/2014\\\/04\\\/02\\\/la-ruta-de-la-energia-acerca-el-sector-energetico-de-puertollano-a-la-sociedad\\\/#breadcrumb\",\"itemListElement\":[{\"@type\":\"ListItem\",\"position\":1,\"name\":\"Home\",\"item\":\"https:\\\/\\\/www.cnh2.es\\\/en\\\/\"},{\"@type\":\"ListItem\",\"position\":2,\"name\":\"\u201cLa Ruta de la Energ\u00eda\u201d acerca el Sector Energ\u00e9tico de Puertollano a la sociedad\"}]},{\"@type\":\"WebSite\",\"@id\":\"https:\\\/\\\/www.cnh2.es\\\/#website\",\"url\":\"https:\\\/\\\/www.cnh2.es\\\/\",\"name\":\"Centro Nacional del Hidr\u00f3geno\",\"description\":\"El Centro Nacional del Hidr\u00f3geno (CNH2), es una instalaci\u00f3n de nueva creaci\u00f3n dedicada en exclusividad a la investigaci\u00f3n y desarrollo de las tecnolog\u00edas del...\",\"potentialAction\":[{\"@type\":\"SearchAction\",\"target\":{\"@type\":\"EntryPoint\",\"urlTemplate\":\"https:\\\/\\\/www.cnh2.es\\\/?s={search_term_string}\"},\"query-input\":{\"@type\":\"PropertyValueSpecification\",\"valueRequired\":true,\"valueName\":\"search_term_string\"}}],\"inLanguage\":\"en-US\"},{\"@type\":\"Person\",\"@id\":\"https:\\\/\\\/www.cnh2.es\\\/#\\\/schema\\\/person\\\/c7e71b9e0bb7fc06b5c90f489a3b08c9\",\"name\":\"cnh2\",\"image\":{\"@type\":\"ImageObject\",\"inLanguage\":\"en-US\",\"@id\":\"https:\\\/\\\/secure.gravatar.com\\\/avatar\\\/3f38779628ec8f379d10b11b1983755d8d5ceb434c57e13b8b1e62ad66b9800f?s=96&d=mm&r=g\",\"url\":\"https:\\\/\\\/secure.gravatar.com\\\/avatar\\\/3f38779628ec8f379d10b11b1983755d8d5ceb434c57e13b8b1e62ad66b9800f?s=96&d=mm&r=g\",\"contentUrl\":\"https:\\\/\\\/secure.gravatar.com\\\/avatar\\\/3f38779628ec8f379d10b11b1983755d8d5ceb434c57e13b8b1e62ad66b9800f?s=96&d=mm&r=g\",\"caption\":\"cnh2\"}}]}<\/script>\n<!-- \/ Yoast SEO plugin. -->","yoast_head_json":{"title":"\u201cLa Ruta de la Energ\u00eda\u201d acerca el Sector Energ\u00e9tico de Puertollano a la sociedad - Centro Nacional del Hidr\u00f3geno","robots":{"index":"index","follow":"follow","max-snippet":"max-snippet:-1","max-image-preview":"max-image-preview:large","max-video-preview":"max-video-preview:-1"},"canonical":"https:\/\/www.cnh2.es\/en\/2014\/04\/02\/la-ruta-de-la-energia-acerca-el-sector-energetico-de-puertollano-a-la-sociedad\/","og_locale":"en_US","og_type":"article","og_title":"\u201cLa Ruta de la Energ\u00eda\u201d acerca el Sector Energ\u00e9tico de Puertollano a la sociedad - Centro Nacional del Hidr\u00f3geno","og_description":"Quedan pocos d\u00edas para la celebraci\u00f3n de la actividad \u201cLa Ruta de la Energ\u00eda. Un recorrido por el sector energ\u00e9tico de Puertollano\u201d, que tendr\u00e1 lugar entre los pr\u00f3ximos d\u00edas 7 y 11 de abril en la ciudad de Puertollano. La Ruta de la Energ\u00eda, organizada por el Centro Nacional del Hidr\u00f3geno (CNH2) y con la [&hellip;]","og_url":"https:\/\/www.cnh2.es\/en\/2014\/04\/02\/la-ruta-de-la-energia-acerca-el-sector-energetico-de-puertollano-a-la-sociedad\/","og_site_name":"Centro Nacional del Hidr\u00f3geno","article_published_time":"2014-04-02T15:13:07+00:00","og_image":[{"width":1776,"height":2457,"url":"https:\/\/www.cnh2.es\/wp-content\/uploads\/2014\/04\/Cartel_RutaEnergia_CNH2.jpg","type":"image\/jpeg"}],"author":"cnh2","twitter_card":"summary_large_image","twitter_misc":{"Written by":"cnh2","Est. reading time":"2 minutes"},"schema":{"@context":"https:\/\/schema.org","@graph":[{"@type":"Article","@id":"https:\/\/www.cnh2.es\/en\/2014\/04\/02\/la-ruta-de-la-energia-acerca-el-sector-energetico-de-puertollano-a-la-sociedad\/#article","isPartOf":{"@id":"https:\/\/www.cnh2.es\/en\/2014\/04\/02\/la-ruta-de-la-energia-acerca-el-sector-energetico-de-puertollano-a-la-sociedad\/"},"author":{"name":"cnh2","@id":"https:\/\/www.cnh2.es\/#\/schema\/person\/c7e71b9e0bb7fc06b5c90f489a3b08c9"},"headline":"\u201cLa Ruta de la Energ\u00eda\u201d acerca el Sector Energ\u00e9tico de Puertollano a la sociedad","datePublished":"2014-04-02T15:13:07+00:00","mainEntityOfPage":{"@id":"https:\/\/www.cnh2.es\/en\/2014\/04\/02\/la-ruta-de-la-energia-acerca-el-sector-energetico-de-puertollano-a-la-sociedad\/"},"wordCount":348,"image":{"@id":"https:\/\/www.cnh2.es\/en\/2014\/04\/02\/la-ruta-de-la-energia-acerca-el-sector-energetico-de-puertollano-a-la-sociedad\/#primaryimage"},"thumbnailUrl":"https:\/\/www.cnh2.es\/wp-content\/uploads\/2014\/04\/Cartel_RutaEnergia_CNH2.jpg","articleSection":["CNH2 News"],"inLanguage":"en-US"},{"@type":"WebPage","@id":"https:\/\/www.cnh2.es\/en\/2014\/04\/02\/la-ruta-de-la-energia-acerca-el-sector-energetico-de-puertollano-a-la-sociedad\/","url":"https:\/\/www.cnh2.es\/en\/2014\/04\/02\/la-ruta-de-la-energia-acerca-el-sector-energetico-de-puertollano-a-la-sociedad\/","name":"\u201cLa Ruta de la Energ\u00eda\u201d acerca el Sector Energ\u00e9tico de Puertollano a la sociedad - Centro Nacional del Hidr\u00f3geno","isPartOf":{"@id":"https:\/\/www.cnh2.es\/#website"},"primaryImageOfPage":{"@id":"https:\/\/www.cnh2.es\/en\/2014\/04\/02\/la-ruta-de-la-energia-acerca-el-sector-energetico-de-puertollano-a-la-sociedad\/#primaryimage"},"image":{"@id":"https:\/\/www.cnh2.es\/en\/2014\/04\/02\/la-ruta-de-la-energia-acerca-el-sector-energetico-de-puertollano-a-la-sociedad\/#primaryimage"},"thumbnailUrl":"https:\/\/www.cnh2.es\/wp-content\/uploads\/2014\/04\/Cartel_RutaEnergia_CNH2.jpg","datePublished":"2014-04-02T15:13:07+00:00","author":{"@id":"https:\/\/www.cnh2.es\/#\/schema\/person\/c7e71b9e0bb7fc06b5c90f489a3b08c9"},"breadcrumb":{"@id":"https:\/\/www.cnh2.es\/en\/2014\/04\/02\/la-ruta-de-la-energia-acerca-el-sector-energetico-de-puertollano-a-la-sociedad\/#breadcrumb"},"inLanguage":"en-US","potentialAction":[{"@type":"ReadAction","target":["https:\/\/www.cnh2.es\/en\/2014\/04\/02\/la-ruta-de-la-energia-acerca-el-sector-energetico-de-puertollano-a-la-sociedad\/"]}]},{"@type":"ImageObject","inLanguage":"en-US","@id":"https:\/\/www.cnh2.es\/en\/2014\/04\/02\/la-ruta-de-la-energia-acerca-el-sector-energetico-de-puertollano-a-la-sociedad\/#primaryimage","url":"https:\/\/www.cnh2.es\/wp-content\/uploads\/2014\/04\/Cartel_RutaEnergia_CNH2.jpg","contentUrl":"https:\/\/www.cnh2.es\/wp-content\/uploads\/2014\/04\/Cartel_RutaEnergia_CNH2.jpg","width":1776,"height":2457},{"@type":"BreadcrumbList","@id":"https:\/\/www.cnh2.es\/en\/2014\/04\/02\/la-ruta-de-la-energia-acerca-el-sector-energetico-de-puertollano-a-la-sociedad\/#breadcrumb","itemListElement":[{"@type":"ListItem","position":1,"name":"Home","item":"https:\/\/www.cnh2.es\/en\/"},{"@type":"ListItem","position":2,"name":"\u201cLa Ruta de la Energ\u00eda\u201d acerca el Sector Energ\u00e9tico de Puertollano a la sociedad"}]},{"@type":"WebSite","@id":"https:\/\/www.cnh2.es\/#website","url":"https:\/\/www.cnh2.es\/","name":"Centro Nacional del Hidr\u00f3geno","description":"El Centro Nacional del Hidr\u00f3geno (CNH2), es una instalaci\u00f3n de nueva creaci\u00f3n dedicada en exclusividad a la investigaci\u00f3n y desarrollo de las tecnolog\u00edas del...","potentialAction":[{"@type":"SearchAction","target":{"@type":"EntryPoint","urlTemplate":"https:\/\/www.cnh2.es\/?s={search_term_string}"},"query-input":{"@type":"PropertyValueSpecification","valueRequired":true,"valueName":"search_term_string"}}],"inLanguage":"en-US"},{"@type":"Person","@id":"https:\/\/www.cnh2.es\/#\/schema\/person\/c7e71b9e0bb7fc06b5c90f489a3b08c9","name":"cnh2","image":{"@type":"ImageObject","inLanguage":"en-US","@id":"https:\/\/secure.gravatar.com\/avatar\/3f38779628ec8f379d10b11b1983755d8d5ceb434c57e13b8b1e62ad66b9800f?s=96&d=mm&r=g","url":"https:\/\/secure.gravatar.com\/avatar\/3f38779628ec8f379d10b11b1983755d8d5ceb434c57e13b8b1e62ad66b9800f?s=96&d=mm&r=g","contentUrl":"https:\/\/secure.gravatar.com\/avatar\/3f38779628ec8f379d10b11b1983755d8d5ceb434c57e13b8b1e62ad66b9800f?s=96&d=mm&r=g","caption":"cnh2"}}]}},"modified_by":"cnh2","_links":{"self":[{"href":"https:\/\/www.cnh2.es\/en\/wp-json\/wp\/v2\/posts\/4441","targetHints":{"allow":["GET"]}}],"collection":[{"href":"https:\/\/www.cnh2.es\/en\/wp-json\/wp\/v2\/posts"}],"about":[{"href":"https:\/\/www.cnh2.es\/en\/wp-json\/wp\/v2\/types\/post"}],"author":[{"embeddable":true,"href":"https:\/\/www.cnh2.es\/en\/wp-json\/wp\/v2\/users\/2"}],"replies":[{"embeddable":true,"href":"https:\/\/www.cnh2.es\/en\/wp-json\/wp\/v2\/comments?post=4441"}],"version-history":[{"count":0,"href":"https:\/\/www.cnh2.es\/en\/wp-json\/wp\/v2\/posts\/4441\/revisions"}],"wp:featuredmedia":[{"embeddable":true,"href":"https:\/\/www.cnh2.es\/en\/wp-json\/wp\/v2\/media\/4445"}],"wp:attachment":[{"href":"https:\/\/www.cnh2.es\/en\/wp-json\/wp\/v2\/media?parent=4441"}],"wp:term":[{"taxonomy":"category","embeddable":true,"href":"https:\/\/www.cnh2.es\/en\/wp-json\/wp\/v2\/categories?post=4441"},{"taxonomy":"post_tag","embeddable":true,"href":"https:\/\/www.cnh2.es\/en\/wp-json\/wp\/v2\/tags?post=4441"}],"curies":[{"name":"wp","href":"https:\/\/api.w.org\/{rel}","templated":true}]}}