{"id":32108,"date":"2025-11-14T11:45:47","date_gmt":"2025-11-14T10:45:47","guid":{"rendered":"https:\/\/www.cnh2.es\/2025\/11\/14\/convocatoria-2025-267-ger-tecad\/"},"modified":"2025-12-02T12:13:51","modified_gmt":"2025-12-02T11:13:51","slug":"convocatoria-2025-267-ger-tecad","status":"publish","type":"post","link":"https:\/\/www.cnh2.es\/en\/2025\/11\/14\/convocatoria-2025-267-ger-tecad\/","title":{"rendered":"Convocatoria-2025-267-GER-TECAD"},"content":{"rendered":"<p class=\"last-updated\">Last updated on 02 December, 2025<\/p><div id='av_section_1'  class='avia-section av-l599av-a319cc7653b97fe2dae62dc43c262d2b main_color avia-section-default avia-no-border-styling  avia-builder-el-0  avia-builder-el-no-sibling  avia-bg-style-scroll container_wrap sidebar_right'  ><div class='container av-section-cont-open' ><main  role=\"main\" itemprop=\"mainContentOfPage\"  class='template-page content  av-content-small alpha units'><div class='post-entry post-entry-type-page post-entry-32108'><div class='entry-content-wrapper clearfix'>\n\n<style type=\"text\/css\" data-created_by=\"avia_inline_auto\" id=\"style-css-av-q4rmxf-7296da7762941366153cee9df1def08c\">\n#top .av-special-heading.av-q4rmxf-7296da7762941366153cee9df1def08c{\npadding-bottom:10px;\n}\nbody .av-special-heading.av-q4rmxf-7296da7762941366153cee9df1def08c .av-special-heading-tag .heading-char{\nfont-size:25px;\n}\n.av-special-heading.av-q4rmxf-7296da7762941366153cee9df1def08c .av-subheading{\nfont-size:15px;\n}\n<\/style>\n<div  class='av-special-heading av-q4rmxf-7296da7762941366153cee9df1def08c av-special-heading-h2 blockquote modern-quote modern-centered  avia-builder-el-1  el_before_av_textblock  avia-builder-el-first  av-linked-heading'><h2 class='av-special-heading-tag '  itemprop=\"headline\"  >T\u00c9CNICO\/A DE ADMINISTRACI\u00d3N PARA GERENCIA<\/h2><div class=\"special-heading-border\"><div class=\"special-heading-inner-border\"><\/div><\/div><\/div>\n<section  class='av_textblock_section av-jvmefbvg-f4263c7e96b970f1b74e7b8c43a16ddb '   itemscope=\"itemscope\" itemtype=\"https:\/\/schema.org\/BlogPosting\" itemprop=\"blogPost\" ><div class='avia_textblock'  itemprop=\"text\" ><h4><\/h4>\n<h4><strong>PUESTO: <\/strong><\/h4>\n<p>T\u00c9CNICO\/A DE ADMINISTRACI\u00d3N PARA GERENCIA<\/p>\n<\/div><\/section>\n<section  class='av_textblock_section av-jvmefbvg-1-65a62339464bec4ad5233ac3ca2d97a1 '   itemscope=\"itemscope\" itemtype=\"https:\/\/schema.org\/BlogPosting\" itemprop=\"blogPost\" ><div class='avia_textblock'  itemprop=\"text\" ><hr \/>\n<h4><strong>REFERENCIA: <\/strong><\/h4>\n<p>2025-267-GER-TECAD<\/p>\n<hr \/>\n<h4><strong>CONVOCATORIA<\/strong><\/h4>\n<p><img loading=\"lazy\" decoding=\"async\" class=\"alignnone wp-image-1056\" src=\"..\/wp-content\/uploads\/2018\/11\/pdf.png\" alt=\"\" width=\"20\" height=\"20\" srcset=\"https:\/\/www.cnh2.es\/wp-content\/uploads\/2018\/11\/pdf.png 64w, https:\/\/www.cnh2.es\/wp-content\/uploads\/2018\/11\/pdf-36x36.png 36w\" sizes=\"auto, (max-width: 20px) 100vw, 20px\" \/> <a href=\"https:\/\/www.cnh2.es\/docs\/empleo\/2025-267-GER-TECAD_Convocatoria.pdf\">Convocatoria 2025-267-GER-TECAD<\/a><\/p>\n<hr \/>\n<h4><strong>FECHA PUBLICACI\u00d3N OFERTA<\/strong><\/h4>\n<p>23\/10\/2025<\/p>\n<hr \/>\n<h4><strong>PERIODO PRESENTACI\u00d3N SOLICITUDES<\/strong><\/h4>\n<p>Hasta las 23:59 horas del 09 de noviembre de 2025 (hora peninsular)<\/p>\n<hr \/>\n<h4><strong>LISTADO PROVISIONAL DE ADMITIDOS\/AS Y EXCLUIDOS\/AS<br \/>\n<\/strong><\/h4>\n<p><img loading=\"lazy\" decoding=\"async\" class=\"alignnone wp-image-1056\" src=\"..\/wp-content\/uploads\/2018\/11\/pdf.png\" alt=\"\" width=\"20\" height=\"20\" srcset=\"https:\/\/www.cnh2.es\/wp-content\/uploads\/2018\/11\/pdf.png 64w, https:\/\/www.cnh2.es\/wp-content\/uploads\/2018\/11\/pdf-36x36.png 36w\" sizes=\"auto, (max-width: 20px) 100vw, 20px\" \/> <a href=\"https:\/\/www.cnh2.es\/docs\/empleo\/2025-267-GER-TECAD_ Listado provisional de Admitidos_as y Excluidos_as.pdf\">Listado Provisional de Admitidos\/as y Excluidos\/as Convocatoria 2025-267-GER-TECAD<\/a><\/p>\n<hr \/>\n<h4><strong>LISTADO DEFINITIVO DE ADMITIDOS\/AS Y EXCLUIDOS\/AS<br \/>\n<\/strong><\/h4>\n<p><img loading=\"lazy\" decoding=\"async\" class=\"alignnone wp-image-1056\" src=\"..\/wp-content\/uploads\/2018\/11\/pdf.png\" alt=\"\" width=\"20\" height=\"20\" srcset=\"https:\/\/www.cnh2.es\/wp-content\/uploads\/2018\/11\/pdf.png 64w, https:\/\/www.cnh2.es\/wp-content\/uploads\/2018\/11\/pdf-36x36.png 36w\" sizes=\"auto, (max-width: 20px) 100vw, 20px\" \/> <a href=\"https:\/\/cnh2.es\/docs\/empleo\/2025-267-GER-TECAD_Listado_definitivo_admitidos_as_excluidos_as.pdf\">Listado Definitivo de Admitidos\/as y Excluidos\/as Convocatoria 2025-267-GER-TECAD<\/a><\/p>\n<hr \/>\n<h4><strong>LISTADO CANDIDATO\/A SELECCIONADO\/A<\/strong><\/h4>\n<p><img loading=\"lazy\" decoding=\"async\" class=\"alignnone wp-image-1056\" src=\"..\/wp-content\/uploads\/2018\/11\/pdf.png\" alt=\"\" width=\"20\" height=\"20\" srcset=\"https:\/\/www.cnh2.es\/wp-content\/uploads\/2018\/11\/pdf.png 64w, https:\/\/www.cnh2.es\/wp-content\/uploads\/2018\/11\/pdf-36x36.png 36w\" sizes=\"auto, (max-width: 20px) 100vw, 20px\" \/> <a href=\"https:\/\/cnh2.es\/docs\/empleo\/2025-267-GER-TECAD_Listado_candidato_a_final.pdf\">Listado Candidato\/a Seleccionado\/a Convocatoria 2025-267-GER-TECAD<\/a><\/p>\n<hr \/>\n<hr \/>\n<p><!--\n\n\n\n\n<h4><strong>LISTADO DEFINITIVO DE ADMITIDOS\/AS Y EXCLUIDOS\/AS\n<\/strong><\/h4>\n\n\n\n\n<img loading=\"lazy\" decoding=\"async\" class=\"alignnone wp-image-1056\" src=\"..\/wp-content\/uploads\/2018\/11\/pdf.png\" alt=\"\" width=\"20\" height=\"20\" srcset=\"https:\/\/www.cnh2.es\/wp-content\/uploads\/2018\/11\/pdf.png 64w, https:\/\/www.cnh2.es\/wp-content\/uploads\/2018\/11\/pdf-36x36.png 36w\" sizes=\"auto, (max-width: 20px) 100vw, 20px\" \/> <a href=\"https:\/\/www.cnh2.es\/docs\/empleo\/\">Listado Definitivo de Admitidos\/as y Excluidos\/as Convocatoria 2025-267-GER-TECAD<\/a>\n\n\n\n\n\n<hr \/>\n\n\n\n\n\n\n\n\n\n<h4><strong>LISTADO CANDIDATO\/A SELECCIONADO\/A<\/strong><\/h4>\n\n\n\n\n<img loading=\"lazy\" decoding=\"async\" class=\"alignnone wp-image-1056\" src=\"..\/wp-content\/uploads\/2018\/11\/pdf.png\" alt=\"\" width=\"20\" height=\"20\" srcset=\"https:\/\/www.cnh2.es\/wp-content\/uploads\/2018\/11\/pdf.png 64w, https:\/\/www.cnh2.es\/wp-content\/uploads\/2018\/11\/pdf-36x36.png 36w\" sizes=\"auto, (max-width: 20px) 100vw, 20px\" \/> <a href=\"https:\/\/www.cnh2.es\/docs\/empleo\/\">Listado Candidato\/a Seleccionado\/a Convocatoria 2025-267-GER-TECAD<\/a>\n\n\n\n\n\n<hr \/>\n\n\n\n\n\n--><\/p>\n<\/div><\/section>\n<\/div><\/div><\/main><!-- close content main element --><\/div><\/div><div id='after_section_1'  class='main_color av_default_container_wrap container_wrap sidebar_right'  ><div class='container av-section-cont-open' ><div class='template-page content  av-content-small alpha units'><div class='post-entry post-entry-type-page post-entry-32108'><div class='entry-content-wrapper clearfix'>\n","protected":false},"excerpt":{"rendered":"<p>Last updated on 02 December, 2025<\/p>\n","protected":false},"author":3,"featured_media":0,"comment_status":"closed","ping_status":"closed","sticky":false,"template":"","format":"standard","meta":{"_lmt_disableupdate":"no","_lmt_disable":"","footnotes":""},"categories":[99],"tags":[],"class_list":["post-32108","post","type-post","status-publish","format-standard","hentry","category-job"],"yoast_head":"<!-- This site is optimized with the Yoast SEO plugin v27.4 - https:\/\/yoast.com\/product\/yoast-seo-wordpress\/ -->\n<title>Convocatoria-2025-267-GER-TECAD - Centro Nacional del Hidr\u00f3geno<\/title>\n<meta name=\"robots\" content=\"index, follow, max-snippet:-1, max-image-preview:large, max-video-preview:-1\" \/>\n<link rel=\"canonical\" href=\"https:\/\/www.cnh2.es\/en\/2025\/11\/14\/convocatoria-2025-267-ger-tecad\/\" \/>\n<meta property=\"og:locale\" content=\"en_US\" \/>\n<meta property=\"og:type\" content=\"article\" \/>\n<meta property=\"og:title\" content=\"Convocatoria-2025-267-GER-TECAD - Centro Nacional del Hidr\u00f3geno\" \/>\n<meta property=\"og:description\" content=\"Last updated on 02 December, 2025\" \/>\n<meta property=\"og:url\" content=\"https:\/\/www.cnh2.es\/en\/2025\/11\/14\/convocatoria-2025-267-ger-tecad\/\" \/>\n<meta property=\"og:site_name\" content=\"Centro Nacional del Hidr\u00f3geno\" \/>\n<meta property=\"article:published_time\" content=\"2025-11-14T10:45:47+00:00\" \/>\n<meta property=\"article:modified_time\" content=\"2025-12-02T11:13:51+00:00\" \/>\n<meta name=\"author\" content=\"Roberto Carlos Romero Molina\" \/>\n<meta name=\"twitter:card\" content=\"summary_large_image\" \/>\n<meta name=\"twitter:label1\" content=\"Written by\" \/>\n\t<meta name=\"twitter:data1\" content=\"Roberto Carlos Romero Molina\" \/>\n\t<meta name=\"twitter:label2\" content=\"Est. reading time\" \/>\n\t<meta name=\"twitter:data2\" content=\"1 minute\" \/>\n<script type=\"application\/ld+json\" class=\"yoast-schema-graph\">{\"@context\":\"https:\\\/\\\/schema.org\",\"@graph\":[{\"@type\":\"Article\",\"@id\":\"https:\\\/\\\/www.cnh2.es\\\/en\\\/2025\\\/11\\\/14\\\/convocatoria-2025-267-ger-tecad\\\/#article\",\"isPartOf\":{\"@id\":\"https:\\\/\\\/www.cnh2.es\\\/en\\\/2025\\\/11\\\/14\\\/convocatoria-2025-267-ger-tecad\\\/\"},\"author\":{\"name\":\"Roberto Carlos Romero Molina\",\"@id\":\"https:\\\/\\\/www.cnh2.es\\\/#\\\/schema\\\/person\\\/4320d777212b7d1ad940a886703d23ba\"},\"headline\":\"Convocatoria-2025-267-GER-TECAD\",\"datePublished\":\"2025-11-14T10:45:47+00:00\",\"dateModified\":\"2025-12-02T11:13:51+00:00\",\"mainEntityOfPage\":{\"@id\":\"https:\\\/\\\/www.cnh2.es\\\/en\\\/2025\\\/11\\\/14\\\/convocatoria-2025-267-ger-tecad\\\/\"},\"wordCount\":490,\"articleSection\":[\"Job\"],\"inLanguage\":\"en-US\"},{\"@type\":\"WebPage\",\"@id\":\"https:\\\/\\\/www.cnh2.es\\\/en\\\/2025\\\/11\\\/14\\\/convocatoria-2025-267-ger-tecad\\\/\",\"url\":\"https:\\\/\\\/www.cnh2.es\\\/en\\\/2025\\\/11\\\/14\\\/convocatoria-2025-267-ger-tecad\\\/\",\"name\":\"Convocatoria-2025-267-GER-TECAD - Centro Nacional del Hidr\u00f3geno\",\"isPartOf\":{\"@id\":\"https:\\\/\\\/www.cnh2.es\\\/#website\"},\"datePublished\":\"2025-11-14T10:45:47+00:00\",\"dateModified\":\"2025-12-02T11:13:51+00:00\",\"author\":{\"@id\":\"https:\\\/\\\/www.cnh2.es\\\/#\\\/schema\\\/person\\\/4320d777212b7d1ad940a886703d23ba\"},\"breadcrumb\":{\"@id\":\"https:\\\/\\\/www.cnh2.es\\\/en\\\/2025\\\/11\\\/14\\\/convocatoria-2025-267-ger-tecad\\\/#breadcrumb\"},\"inLanguage\":\"en-US\",\"potentialAction\":[{\"@type\":\"ReadAction\",\"target\":[\"https:\\\/\\\/www.cnh2.es\\\/en\\\/2025\\\/11\\\/14\\\/convocatoria-2025-267-ger-tecad\\\/\"]}]},{\"@type\":\"BreadcrumbList\",\"@id\":\"https:\\\/\\\/www.cnh2.es\\\/en\\\/2025\\\/11\\\/14\\\/convocatoria-2025-267-ger-tecad\\\/#breadcrumb\",\"itemListElement\":[{\"@type\":\"ListItem\",\"position\":1,\"name\":\"Home\",\"item\":\"https:\\\/\\\/www.cnh2.es\\\/en\\\/\"},{\"@type\":\"ListItem\",\"position\":2,\"name\":\"Convocatoria-2025-267-GER-TECAD\"}]},{\"@type\":\"WebSite\",\"@id\":\"https:\\\/\\\/www.cnh2.es\\\/#website\",\"url\":\"https:\\\/\\\/www.cnh2.es\\\/\",\"name\":\"Centro Nacional del Hidr\u00f3geno\",\"description\":\"El Centro Nacional del Hidr\u00f3geno (CNH2), es una instalaci\u00f3n de nueva creaci\u00f3n dedicada en exclusividad a la investigaci\u00f3n y desarrollo de las tecnolog\u00edas del...\",\"potentialAction\":[{\"@type\":\"SearchAction\",\"target\":{\"@type\":\"EntryPoint\",\"urlTemplate\":\"https:\\\/\\\/www.cnh2.es\\\/?s={search_term_string}\"},\"query-input\":{\"@type\":\"PropertyValueSpecification\",\"valueRequired\":true,\"valueName\":\"search_term_string\"}}],\"inLanguage\":\"en-US\"},{\"@type\":\"Person\",\"@id\":\"https:\\\/\\\/www.cnh2.es\\\/#\\\/schema\\\/person\\\/4320d777212b7d1ad940a886703d23ba\",\"name\":\"Roberto Carlos Romero Molina\",\"image\":{\"@type\":\"ImageObject\",\"inLanguage\":\"en-US\",\"@id\":\"https:\\\/\\\/secure.gravatar.com\\\/avatar\\\/30a56a35229b170f820be2067b3b0813d652bd69bcc289b5bfc9e2cbd731c2c4?s=96&d=mm&r=g\",\"url\":\"https:\\\/\\\/secure.gravatar.com\\\/avatar\\\/30a56a35229b170f820be2067b3b0813d652bd69bcc289b5bfc9e2cbd731c2c4?s=96&d=mm&r=g\",\"contentUrl\":\"https:\\\/\\\/secure.gravatar.com\\\/avatar\\\/30a56a35229b170f820be2067b3b0813d652bd69bcc289b5bfc9e2cbd731c2c4?s=96&d=mm&r=g\",\"caption\":\"Roberto Carlos Romero Molina\"}}]}<\/script>\n<!-- \/ Yoast SEO plugin. -->","yoast_head_json":{"title":"Convocatoria-2025-267-GER-TECAD - Centro Nacional del Hidr\u00f3geno","robots":{"index":"index","follow":"follow","max-snippet":"max-snippet:-1","max-image-preview":"max-image-preview:large","max-video-preview":"max-video-preview:-1"},"canonical":"https:\/\/www.cnh2.es\/en\/2025\/11\/14\/convocatoria-2025-267-ger-tecad\/","og_locale":"en_US","og_type":"article","og_title":"Convocatoria-2025-267-GER-TECAD - Centro Nacional del Hidr\u00f3geno","og_description":"Last updated on 02 December, 2025","og_url":"https:\/\/www.cnh2.es\/en\/2025\/11\/14\/convocatoria-2025-267-ger-tecad\/","og_site_name":"Centro Nacional del Hidr\u00f3geno","article_published_time":"2025-11-14T10:45:47+00:00","article_modified_time":"2025-12-02T11:13:51+00:00","author":"Roberto Carlos Romero Molina","twitter_card":"summary_large_image","twitter_misc":{"Written by":"Roberto Carlos Romero Molina","Est. reading time":"1 minute"},"schema":{"@context":"https:\/\/schema.org","@graph":[{"@type":"Article","@id":"https:\/\/www.cnh2.es\/en\/2025\/11\/14\/convocatoria-2025-267-ger-tecad\/#article","isPartOf":{"@id":"https:\/\/www.cnh2.es\/en\/2025\/11\/14\/convocatoria-2025-267-ger-tecad\/"},"author":{"name":"Roberto Carlos Romero Molina","@id":"https:\/\/www.cnh2.es\/#\/schema\/person\/4320d777212b7d1ad940a886703d23ba"},"headline":"Convocatoria-2025-267-GER-TECAD","datePublished":"2025-11-14T10:45:47+00:00","dateModified":"2025-12-02T11:13:51+00:00","mainEntityOfPage":{"@id":"https:\/\/www.cnh2.es\/en\/2025\/11\/14\/convocatoria-2025-267-ger-tecad\/"},"wordCount":490,"articleSection":["Job"],"inLanguage":"en-US"},{"@type":"WebPage","@id":"https:\/\/www.cnh2.es\/en\/2025\/11\/14\/convocatoria-2025-267-ger-tecad\/","url":"https:\/\/www.cnh2.es\/en\/2025\/11\/14\/convocatoria-2025-267-ger-tecad\/","name":"Convocatoria-2025-267-GER-TECAD - Centro Nacional del Hidr\u00f3geno","isPartOf":{"@id":"https:\/\/www.cnh2.es\/#website"},"datePublished":"2025-11-14T10:45:47+00:00","dateModified":"2025-12-02T11:13:51+00:00","author":{"@id":"https:\/\/www.cnh2.es\/#\/schema\/person\/4320d777212b7d1ad940a886703d23ba"},"breadcrumb":{"@id":"https:\/\/www.cnh2.es\/en\/2025\/11\/14\/convocatoria-2025-267-ger-tecad\/#breadcrumb"},"inLanguage":"en-US","potentialAction":[{"@type":"ReadAction","target":["https:\/\/www.cnh2.es\/en\/2025\/11\/14\/convocatoria-2025-267-ger-tecad\/"]}]},{"@type":"BreadcrumbList","@id":"https:\/\/www.cnh2.es\/en\/2025\/11\/14\/convocatoria-2025-267-ger-tecad\/#breadcrumb","itemListElement":[{"@type":"ListItem","position":1,"name":"Home","item":"https:\/\/www.cnh2.es\/en\/"},{"@type":"ListItem","position":2,"name":"Convocatoria-2025-267-GER-TECAD"}]},{"@type":"WebSite","@id":"https:\/\/www.cnh2.es\/#website","url":"https:\/\/www.cnh2.es\/","name":"Centro Nacional del Hidr\u00f3geno","description":"El Centro Nacional del Hidr\u00f3geno (CNH2), es una instalaci\u00f3n de nueva creaci\u00f3n dedicada en exclusividad a la investigaci\u00f3n y desarrollo de las tecnolog\u00edas del...","potentialAction":[{"@type":"SearchAction","target":{"@type":"EntryPoint","urlTemplate":"https:\/\/www.cnh2.es\/?s={search_term_string}"},"query-input":{"@type":"PropertyValueSpecification","valueRequired":true,"valueName":"search_term_string"}}],"inLanguage":"en-US"},{"@type":"Person","@id":"https:\/\/www.cnh2.es\/#\/schema\/person\/4320d777212b7d1ad940a886703d23ba","name":"Roberto Carlos Romero Molina","image":{"@type":"ImageObject","inLanguage":"en-US","@id":"https:\/\/secure.gravatar.com\/avatar\/30a56a35229b170f820be2067b3b0813d652bd69bcc289b5bfc9e2cbd731c2c4?s=96&d=mm&r=g","url":"https:\/\/secure.gravatar.com\/avatar\/30a56a35229b170f820be2067b3b0813d652bd69bcc289b5bfc9e2cbd731c2c4?s=96&d=mm&r=g","contentUrl":"https:\/\/secure.gravatar.com\/avatar\/30a56a35229b170f820be2067b3b0813d652bd69bcc289b5bfc9e2cbd731c2c4?s=96&d=mm&r=g","caption":"Roberto Carlos Romero Molina"}}]}},"modified_by":null,"_links":{"self":[{"href":"https:\/\/www.cnh2.es\/en\/wp-json\/wp\/v2\/posts\/32108","targetHints":{"allow":["GET"]}}],"collection":[{"href":"https:\/\/www.cnh2.es\/en\/wp-json\/wp\/v2\/posts"}],"about":[{"href":"https:\/\/www.cnh2.es\/en\/wp-json\/wp\/v2\/types\/post"}],"author":[{"embeddable":true,"href":"https:\/\/www.cnh2.es\/en\/wp-json\/wp\/v2\/users\/3"}],"replies":[{"embeddable":true,"href":"https:\/\/www.cnh2.es\/en\/wp-json\/wp\/v2\/comments?post=32108"}],"version-history":[{"count":0,"href":"https:\/\/www.cnh2.es\/en\/wp-json\/wp\/v2\/posts\/32108\/revisions"}],"wp:attachment":[{"href":"https:\/\/www.cnh2.es\/en\/wp-json\/wp\/v2\/media?parent=32108"}],"wp:term":[{"taxonomy":"category","embeddable":true,"href":"https:\/\/www.cnh2.es\/en\/wp-json\/wp\/v2\/categories?post=32108"},{"taxonomy":"post_tag","embeddable":true,"href":"https:\/\/www.cnh2.es\/en\/wp-json\/wp\/v2\/tags?post=32108"}],"curies":[{"name":"wp","href":"https:\/\/api.w.org\/{rel}","templated":true}]}}