{"id":31102,"date":"2025-06-25T10:07:04","date_gmt":"2025-06-25T08:07:04","guid":{"rendered":"https:\/\/www.cnh2.es\/?p=31102"},"modified":"2025-06-25T10:07:04","modified_gmt":"2025-06-25T08:07:04","slug":"cnh2-takes-part-in-the-final-meeting-of-the-european-project-fch2rail-in-cologne","status":"publish","type":"post","link":"https:\/\/www.cnh2.es\/en\/2025\/06\/25\/cnh2-takes-part-in-the-final-meeting-of-the-european-project-fch2rail-in-cologne\/","title":{"rendered":"CNH2 takes part in the Final Meeting of the European Project FCH2RAIL in Cologne"},"content":{"rendered":"<p>Our colleagues Sara Rubio and Beatriz Nieto represented the CNH2 at the final <em>Technical Management Team <\/em>(TMT) and <em>Steering Committee<\/em> (SC) meeting of the European FCH2RAIL project, held in person in Cologne, Germany.<\/p>\n<p>This meeting marked the conclusion of a four-year project that brought together a leading European consortium in railway transport and hydrogen technologies. The project successfully achieved its main objective: the development of a fully functional prototype of a bimodal train powered by hydrogen and electricity.<\/p>\n<p>Led by CAF, the consortium included prominent entities such as DLR, RENFE, TOYOTA MOTOR EUROPE, ADIF, IP, FAIVELEY Stemmann Technik, and CNH2 itself.<\/p>\n<p>At CNH2, we are proud to have contributed to this groundbreaking initiative, which represents a major milestone in the decarbonisation of rail transport in Europe.<\/p>\n<p>Learn more about the project: <a href=\"https:\/\/www.cnh2.es\/en\/cnh2\/fch2rail\/\">https:\/\/www.cnh2.es\/en\/cnh2\/fch2rail\/<\/a><\/p>\n","protected":false},"excerpt":{"rendered":"<p>Our colleagues Sara Rubio and Beatriz Nieto represented the CNH2 at the final Technical Management Team (TMT) and Steering Committee (SC) meeting of the European FCH2RAIL project, held in person in Cologne, Germany. This meeting marked the conclusion of a four-year project that brought together a leading European consortium in railway transport and hydrogen technologies. [&hellip;]<\/p>\n","protected":false},"author":2,"featured_media":31101,"comment_status":"closed","ping_status":"closed","sticky":false,"template":"","format":"standard","meta":{"_lmt_disableupdate":"no","_lmt_disable":"","footnotes":""},"categories":[100,101],"tags":[],"class_list":["post-31102","post","type-post","status-publish","format-standard","has-post-thumbnail","hentry","category-cnh2-news","category-press"],"yoast_head":"<!-- This site is optimized with the Yoast SEO plugin v27.4 - https:\/\/yoast.com\/product\/yoast-seo-wordpress\/ -->\n<title>CNH2 takes part in the Final Meeting of the European Project FCH2RAIL in Cologne - Centro Nacional del Hidr\u00f3geno<\/title>\n<meta name=\"robots\" content=\"index, follow, max-snippet:-1, max-image-preview:large, max-video-preview:-1\" \/>\n<link rel=\"canonical\" href=\"https:\/\/www.cnh2.es\/en\/2025\/06\/25\/cnh2-takes-part-in-the-final-meeting-of-the-european-project-fch2rail-in-cologne\/\" \/>\n<meta property=\"og:locale\" content=\"en_US\" \/>\n<meta property=\"og:type\" content=\"article\" \/>\n<meta property=\"og:title\" content=\"CNH2 takes part in the Final Meeting of the European Project FCH2RAIL in Cologne - Centro Nacional del Hidr\u00f3geno\" \/>\n<meta property=\"og:description\" content=\"Our colleagues Sara Rubio and Beatriz Nieto represented the CNH2 at the final Technical Management Team (TMT) and Steering Committee (SC) meeting of the European FCH2RAIL project, held in person in Cologne, Germany. This meeting marked the conclusion of a four-year project that brought together a leading European consortium in railway transport and hydrogen technologies. [&hellip;]\" \/>\n<meta property=\"og:url\" content=\"https:\/\/www.cnh2.es\/en\/2025\/06\/25\/cnh2-takes-part-in-the-final-meeting-of-the-european-project-fch2rail-in-cologne\/\" \/>\n<meta property=\"og:site_name\" content=\"Centro Nacional del Hidr\u00f3geno\" \/>\n<meta property=\"article:published_time\" content=\"2025-06-25T08:07:04+00:00\" \/>\n<meta property=\"og:image\" content=\"https:\/\/www.cnh2.es\/wp-content\/uploads\/2025\/06\/fch2rail_fotonew.jpg\" \/>\n\t<meta property=\"og:image:width\" content=\"1299\" \/>\n\t<meta property=\"og:image:height\" content=\"788\" \/>\n\t<meta property=\"og:image:type\" content=\"image\/jpeg\" \/>\n<meta name=\"author\" content=\"cnh2\" \/>\n<meta name=\"twitter:card\" content=\"summary_large_image\" \/>\n<meta name=\"twitter:label1\" content=\"Written by\" \/>\n\t<meta name=\"twitter:data1\" content=\"cnh2\" \/>\n<script type=\"application\/ld+json\" class=\"yoast-schema-graph\">{\"@context\":\"https:\\\/\\\/schema.org\",\"@graph\":[{\"@type\":\"Article\",\"@id\":\"https:\\\/\\\/www.cnh2.es\\\/en\\\/2025\\\/06\\\/25\\\/cnh2-takes-part-in-the-final-meeting-of-the-european-project-fch2rail-in-cologne\\\/#article\",\"isPartOf\":{\"@id\":\"https:\\\/\\\/www.cnh2.es\\\/en\\\/2025\\\/06\\\/25\\\/cnh2-takes-part-in-the-final-meeting-of-the-european-project-fch2rail-in-cologne\\\/\"},\"author\":{\"name\":\"cnh2\",\"@id\":\"https:\\\/\\\/www.cnh2.es\\\/#\\\/schema\\\/person\\\/c7e71b9e0bb7fc06b5c90f489a3b08c9\"},\"headline\":\"CNH2 takes part in the Final Meeting of the European Project FCH2RAIL in Cologne\",\"datePublished\":\"2025-06-25T08:07:04+00:00\",\"mainEntityOfPage\":{\"@id\":\"https:\\\/\\\/www.cnh2.es\\\/en\\\/2025\\\/06\\\/25\\\/cnh2-takes-part-in-the-final-meeting-of-the-european-project-fch2rail-in-cologne\\\/\"},\"wordCount\":155,\"image\":{\"@id\":\"https:\\\/\\\/www.cnh2.es\\\/en\\\/2025\\\/06\\\/25\\\/cnh2-takes-part-in-the-final-meeting-of-the-european-project-fch2rail-in-cologne\\\/#primaryimage\"},\"thumbnailUrl\":\"https:\\\/\\\/www.cnh2.es\\\/wp-content\\\/uploads\\\/2025\\\/06\\\/fch2rail_fotonew.jpg\",\"articleSection\":[\"CNH2 News\",\"Press\"],\"inLanguage\":\"en-US\"},{\"@type\":\"WebPage\",\"@id\":\"https:\\\/\\\/www.cnh2.es\\\/en\\\/2025\\\/06\\\/25\\\/cnh2-takes-part-in-the-final-meeting-of-the-european-project-fch2rail-in-cologne\\\/\",\"url\":\"https:\\\/\\\/www.cnh2.es\\\/en\\\/2025\\\/06\\\/25\\\/cnh2-takes-part-in-the-final-meeting-of-the-european-project-fch2rail-in-cologne\\\/\",\"name\":\"CNH2 takes part in the Final Meeting of the European Project FCH2RAIL in Cologne - Centro Nacional del Hidr\u00f3geno\",\"isPartOf\":{\"@id\":\"https:\\\/\\\/www.cnh2.es\\\/#website\"},\"primaryImageOfPage\":{\"@id\":\"https:\\\/\\\/www.cnh2.es\\\/en\\\/2025\\\/06\\\/25\\\/cnh2-takes-part-in-the-final-meeting-of-the-european-project-fch2rail-in-cologne\\\/#primaryimage\"},\"image\":{\"@id\":\"https:\\\/\\\/www.cnh2.es\\\/en\\\/2025\\\/06\\\/25\\\/cnh2-takes-part-in-the-final-meeting-of-the-european-project-fch2rail-in-cologne\\\/#primaryimage\"},\"thumbnailUrl\":\"https:\\\/\\\/www.cnh2.es\\\/wp-content\\\/uploads\\\/2025\\\/06\\\/fch2rail_fotonew.jpg\",\"datePublished\":\"2025-06-25T08:07:04+00:00\",\"author\":{\"@id\":\"https:\\\/\\\/www.cnh2.es\\\/#\\\/schema\\\/person\\\/c7e71b9e0bb7fc06b5c90f489a3b08c9\"},\"breadcrumb\":{\"@id\":\"https:\\\/\\\/www.cnh2.es\\\/en\\\/2025\\\/06\\\/25\\\/cnh2-takes-part-in-the-final-meeting-of-the-european-project-fch2rail-in-cologne\\\/#breadcrumb\"},\"inLanguage\":\"en-US\",\"potentialAction\":[{\"@type\":\"ReadAction\",\"target\":[\"https:\\\/\\\/www.cnh2.es\\\/en\\\/2025\\\/06\\\/25\\\/cnh2-takes-part-in-the-final-meeting-of-the-european-project-fch2rail-in-cologne\\\/\"]}]},{\"@type\":\"ImageObject\",\"inLanguage\":\"en-US\",\"@id\":\"https:\\\/\\\/www.cnh2.es\\\/en\\\/2025\\\/06\\\/25\\\/cnh2-takes-part-in-the-final-meeting-of-the-european-project-fch2rail-in-cologne\\\/#primaryimage\",\"url\":\"https:\\\/\\\/www.cnh2.es\\\/wp-content\\\/uploads\\\/2025\\\/06\\\/fch2rail_fotonew.jpg\",\"contentUrl\":\"https:\\\/\\\/www.cnh2.es\\\/wp-content\\\/uploads\\\/2025\\\/06\\\/fch2rail_fotonew.jpg\",\"width\":1299,\"height\":788},{\"@type\":\"BreadcrumbList\",\"@id\":\"https:\\\/\\\/www.cnh2.es\\\/en\\\/2025\\\/06\\\/25\\\/cnh2-takes-part-in-the-final-meeting-of-the-european-project-fch2rail-in-cologne\\\/#breadcrumb\",\"itemListElement\":[{\"@type\":\"ListItem\",\"position\":1,\"name\":\"Home\",\"item\":\"https:\\\/\\\/www.cnh2.es\\\/en\\\/\"},{\"@type\":\"ListItem\",\"position\":2,\"name\":\"CNH2 takes part in the Final Meeting of the European Project FCH2RAIL in Cologne\"}]},{\"@type\":\"WebSite\",\"@id\":\"https:\\\/\\\/www.cnh2.es\\\/#website\",\"url\":\"https:\\\/\\\/www.cnh2.es\\\/\",\"name\":\"Centro Nacional del Hidr\u00f3geno\",\"description\":\"El Centro Nacional del Hidr\u00f3geno (CNH2), es una instalaci\u00f3n de nueva creaci\u00f3n dedicada en exclusividad a la investigaci\u00f3n y desarrollo de las tecnolog\u00edas del...\",\"potentialAction\":[{\"@type\":\"SearchAction\",\"target\":{\"@type\":\"EntryPoint\",\"urlTemplate\":\"https:\\\/\\\/www.cnh2.es\\\/?s={search_term_string}\"},\"query-input\":{\"@type\":\"PropertyValueSpecification\",\"valueRequired\":true,\"valueName\":\"search_term_string\"}}],\"inLanguage\":\"en-US\"},{\"@type\":\"Person\",\"@id\":\"https:\\\/\\\/www.cnh2.es\\\/#\\\/schema\\\/person\\\/c7e71b9e0bb7fc06b5c90f489a3b08c9\",\"name\":\"cnh2\",\"image\":{\"@type\":\"ImageObject\",\"inLanguage\":\"en-US\",\"@id\":\"https:\\\/\\\/secure.gravatar.com\\\/avatar\\\/3f38779628ec8f379d10b11b1983755d8d5ceb434c57e13b8b1e62ad66b9800f?s=96&d=mm&r=g\",\"url\":\"https:\\\/\\\/secure.gravatar.com\\\/avatar\\\/3f38779628ec8f379d10b11b1983755d8d5ceb434c57e13b8b1e62ad66b9800f?s=96&d=mm&r=g\",\"contentUrl\":\"https:\\\/\\\/secure.gravatar.com\\\/avatar\\\/3f38779628ec8f379d10b11b1983755d8d5ceb434c57e13b8b1e62ad66b9800f?s=96&d=mm&r=g\",\"caption\":\"cnh2\"}}]}<\/script>\n<!-- \/ Yoast SEO plugin. -->","yoast_head_json":{"title":"CNH2 takes part in the Final Meeting of the European Project FCH2RAIL in Cologne - Centro Nacional del Hidr\u00f3geno","robots":{"index":"index","follow":"follow","max-snippet":"max-snippet:-1","max-image-preview":"max-image-preview:large","max-video-preview":"max-video-preview:-1"},"canonical":"https:\/\/www.cnh2.es\/en\/2025\/06\/25\/cnh2-takes-part-in-the-final-meeting-of-the-european-project-fch2rail-in-cologne\/","og_locale":"en_US","og_type":"article","og_title":"CNH2 takes part in the Final Meeting of the European Project FCH2RAIL in Cologne - Centro Nacional del Hidr\u00f3geno","og_description":"Our colleagues Sara Rubio and Beatriz Nieto represented the CNH2 at the final Technical Management Team (TMT) and Steering Committee (SC) meeting of the European FCH2RAIL project, held in person in Cologne, Germany. This meeting marked the conclusion of a four-year project that brought together a leading European consortium in railway transport and hydrogen technologies. [&hellip;]","og_url":"https:\/\/www.cnh2.es\/en\/2025\/06\/25\/cnh2-takes-part-in-the-final-meeting-of-the-european-project-fch2rail-in-cologne\/","og_site_name":"Centro Nacional del Hidr\u00f3geno","article_published_time":"2025-06-25T08:07:04+00:00","og_image":[{"width":1299,"height":788,"url":"https:\/\/www.cnh2.es\/wp-content\/uploads\/2025\/06\/fch2rail_fotonew.jpg","type":"image\/jpeg"}],"author":"cnh2","twitter_card":"summary_large_image","twitter_misc":{"Written by":"cnh2"},"schema":{"@context":"https:\/\/schema.org","@graph":[{"@type":"Article","@id":"https:\/\/www.cnh2.es\/en\/2025\/06\/25\/cnh2-takes-part-in-the-final-meeting-of-the-european-project-fch2rail-in-cologne\/#article","isPartOf":{"@id":"https:\/\/www.cnh2.es\/en\/2025\/06\/25\/cnh2-takes-part-in-the-final-meeting-of-the-european-project-fch2rail-in-cologne\/"},"author":{"name":"cnh2","@id":"https:\/\/www.cnh2.es\/#\/schema\/person\/c7e71b9e0bb7fc06b5c90f489a3b08c9"},"headline":"CNH2 takes part in the Final Meeting of the European Project FCH2RAIL in Cologne","datePublished":"2025-06-25T08:07:04+00:00","mainEntityOfPage":{"@id":"https:\/\/www.cnh2.es\/en\/2025\/06\/25\/cnh2-takes-part-in-the-final-meeting-of-the-european-project-fch2rail-in-cologne\/"},"wordCount":155,"image":{"@id":"https:\/\/www.cnh2.es\/en\/2025\/06\/25\/cnh2-takes-part-in-the-final-meeting-of-the-european-project-fch2rail-in-cologne\/#primaryimage"},"thumbnailUrl":"https:\/\/www.cnh2.es\/wp-content\/uploads\/2025\/06\/fch2rail_fotonew.jpg","articleSection":["CNH2 News","Press"],"inLanguage":"en-US"},{"@type":"WebPage","@id":"https:\/\/www.cnh2.es\/en\/2025\/06\/25\/cnh2-takes-part-in-the-final-meeting-of-the-european-project-fch2rail-in-cologne\/","url":"https:\/\/www.cnh2.es\/en\/2025\/06\/25\/cnh2-takes-part-in-the-final-meeting-of-the-european-project-fch2rail-in-cologne\/","name":"CNH2 takes part in the Final Meeting of the European Project FCH2RAIL in Cologne - Centro Nacional del Hidr\u00f3geno","isPartOf":{"@id":"https:\/\/www.cnh2.es\/#website"},"primaryImageOfPage":{"@id":"https:\/\/www.cnh2.es\/en\/2025\/06\/25\/cnh2-takes-part-in-the-final-meeting-of-the-european-project-fch2rail-in-cologne\/#primaryimage"},"image":{"@id":"https:\/\/www.cnh2.es\/en\/2025\/06\/25\/cnh2-takes-part-in-the-final-meeting-of-the-european-project-fch2rail-in-cologne\/#primaryimage"},"thumbnailUrl":"https:\/\/www.cnh2.es\/wp-content\/uploads\/2025\/06\/fch2rail_fotonew.jpg","datePublished":"2025-06-25T08:07:04+00:00","author":{"@id":"https:\/\/www.cnh2.es\/#\/schema\/person\/c7e71b9e0bb7fc06b5c90f489a3b08c9"},"breadcrumb":{"@id":"https:\/\/www.cnh2.es\/en\/2025\/06\/25\/cnh2-takes-part-in-the-final-meeting-of-the-european-project-fch2rail-in-cologne\/#breadcrumb"},"inLanguage":"en-US","potentialAction":[{"@type":"ReadAction","target":["https:\/\/www.cnh2.es\/en\/2025\/06\/25\/cnh2-takes-part-in-the-final-meeting-of-the-european-project-fch2rail-in-cologne\/"]}]},{"@type":"ImageObject","inLanguage":"en-US","@id":"https:\/\/www.cnh2.es\/en\/2025\/06\/25\/cnh2-takes-part-in-the-final-meeting-of-the-european-project-fch2rail-in-cologne\/#primaryimage","url":"https:\/\/www.cnh2.es\/wp-content\/uploads\/2025\/06\/fch2rail_fotonew.jpg","contentUrl":"https:\/\/www.cnh2.es\/wp-content\/uploads\/2025\/06\/fch2rail_fotonew.jpg","width":1299,"height":788},{"@type":"BreadcrumbList","@id":"https:\/\/www.cnh2.es\/en\/2025\/06\/25\/cnh2-takes-part-in-the-final-meeting-of-the-european-project-fch2rail-in-cologne\/#breadcrumb","itemListElement":[{"@type":"ListItem","position":1,"name":"Home","item":"https:\/\/www.cnh2.es\/en\/"},{"@type":"ListItem","position":2,"name":"CNH2 takes part in the Final Meeting of the European Project FCH2RAIL in Cologne"}]},{"@type":"WebSite","@id":"https:\/\/www.cnh2.es\/#website","url":"https:\/\/www.cnh2.es\/","name":"Centro Nacional del Hidr\u00f3geno","description":"El Centro Nacional del Hidr\u00f3geno (CNH2), es una instalaci\u00f3n de nueva creaci\u00f3n dedicada en exclusividad a la investigaci\u00f3n y desarrollo de las tecnolog\u00edas del...","potentialAction":[{"@type":"SearchAction","target":{"@type":"EntryPoint","urlTemplate":"https:\/\/www.cnh2.es\/?s={search_term_string}"},"query-input":{"@type":"PropertyValueSpecification","valueRequired":true,"valueName":"search_term_string"}}],"inLanguage":"en-US"},{"@type":"Person","@id":"https:\/\/www.cnh2.es\/#\/schema\/person\/c7e71b9e0bb7fc06b5c90f489a3b08c9","name":"cnh2","image":{"@type":"ImageObject","inLanguage":"en-US","@id":"https:\/\/secure.gravatar.com\/avatar\/3f38779628ec8f379d10b11b1983755d8d5ceb434c57e13b8b1e62ad66b9800f?s=96&d=mm&r=g","url":"https:\/\/secure.gravatar.com\/avatar\/3f38779628ec8f379d10b11b1983755d8d5ceb434c57e13b8b1e62ad66b9800f?s=96&d=mm&r=g","contentUrl":"https:\/\/secure.gravatar.com\/avatar\/3f38779628ec8f379d10b11b1983755d8d5ceb434c57e13b8b1e62ad66b9800f?s=96&d=mm&r=g","caption":"cnh2"}}]}},"modified_by":"cnh2","_links":{"self":[{"href":"https:\/\/www.cnh2.es\/en\/wp-json\/wp\/v2\/posts\/31102","targetHints":{"allow":["GET"]}}],"collection":[{"href":"https:\/\/www.cnh2.es\/en\/wp-json\/wp\/v2\/posts"}],"about":[{"href":"https:\/\/www.cnh2.es\/en\/wp-json\/wp\/v2\/types\/post"}],"author":[{"embeddable":true,"href":"https:\/\/www.cnh2.es\/en\/wp-json\/wp\/v2\/users\/2"}],"replies":[{"embeddable":true,"href":"https:\/\/www.cnh2.es\/en\/wp-json\/wp\/v2\/comments?post=31102"}],"version-history":[{"count":0,"href":"https:\/\/www.cnh2.es\/en\/wp-json\/wp\/v2\/posts\/31102\/revisions"}],"wp:featuredmedia":[{"embeddable":true,"href":"https:\/\/www.cnh2.es\/en\/wp-json\/wp\/v2\/media\/31101"}],"wp:attachment":[{"href":"https:\/\/www.cnh2.es\/en\/wp-json\/wp\/v2\/media?parent=31102"}],"wp:term":[{"taxonomy":"category","embeddable":true,"href":"https:\/\/www.cnh2.es\/en\/wp-json\/wp\/v2\/categories?post=31102"},{"taxonomy":"post_tag","embeddable":true,"href":"https:\/\/www.cnh2.es\/en\/wp-json\/wp\/v2\/tags?post=31102"}],"curies":[{"name":"wp","href":"https:\/\/api.w.org\/{rel}","templated":true}]}}