{"id":30951,"date":"2025-06-02T10:58:26","date_gmt":"2025-06-02T08:58:26","guid":{"rendered":"https:\/\/www.cnh2.es\/?p=30951"},"modified":"2025-06-02T11:00:46","modified_gmt":"2025-06-02T09:00:46","slug":"el-cnh2-acoge-la-jornada-del-grupo-de-trabajo-del-hidrogeno-en-puertollano","status":"publish","type":"post","link":"https:\/\/www.cnh2.es\/en\/2025\/06\/02\/el-cnh2-acoge-la-jornada-del-grupo-de-trabajo-del-hidrogeno-en-puertollano\/","title":{"rendered":"CNH2 Hosts the Hydrogen Working Group Meeting in Puertollano"},"content":{"rendered":"<p style=\"text-align: justify;\">On May 29, CNH2 hosted the meeting of the Hydrogen Working Group in Puertollano, bringing together representatives from <em>Invest in Spain<\/em>, the Spanish Hydrogen Association, and several regional governments.<\/p>\n<p style=\"text-align: justify;\">During the session, Javier Rosell, Director General for Enterprises at the Government of Castilla-La Mancha, emphasized the strategic importance of CNH2 as a true \u201cresearch ecosystem,\u201d describing it as \u201ca nexus between companies and institutions for R&amp;D&amp;I projects\u201d in the hydrogen sector\u2014ranging from the reuse of waste for hydrogen production to the conversion of solar energy into hydrogen. He also underscored how CNH2 contributes to positioning Puertollano and Castilla-La Mancha as key players in the development of this emerging industry.<\/p>\n<p style=\"text-align: justify;\">Puertollano was thus highlighted as a \u201cmajor nerve centre for hydrogen development in southern Europe.\u201d Rosell also acknowledged the pivotal role played by the Green Hydrogen Cluster in advancing strategic projects in the sector, while praising the private-sector initiatives of companies such as Repsol, Air Liquide, Iberdrola, and Hydnum Steel in driving industrial decarbonisation through hydrogen technologies.<\/p>\n<p style=\"text-align: justify;\">Source:\u00a0 <a href=\"https:\/\/www.castillalamancha.es\/actualidad\/notasdeprensa\/el-gobierno-de-castilla-la-mancha-se%C3%B1ala-puertollano-como-el-gran-punto-neur%C3%A1lgico-para-el\">https:\/\/www.castillalamancha.es\/actualidad\/notasdeprensa\/el-gobierno-de-castilla-la-mancha-se%C3%B1ala-puertollano-como-el-gran-punto-neur%C3%A1lgico-para-el<\/a><\/p>\n<p style=\"text-align: justify;\">Photo Credit: Invest in CLM &#8211; <a href=\"https:\/\/media.licdn.com\/dms\/image\/v2\/D4D22AQFjuXpr5hDK3g\/feedshare-shrink_800\/B4DZcgMGZLG8Ag-\/0\/1748591732843?e=1751500800&amp;v=beta&amp;t=tyXkkMLeWNv4TCVsmGdOlGTYSAxNdpS7ZXH03k6eIJE\">https:\/\/media.licdn.com\/dms\/image\/v2\/D4D22AQFjuXpr5hDK3g\/feedshare-shrink_800\/B4DZcgMGZLG8Ag-\/0\/1748591732843?e=1751500800&amp;v=beta&amp;t=tyXkkMLeWNv4TCVsmGdOlGTYSAxNdpS7ZXH03k6eIJE<\/a><\/p>\n","protected":false},"excerpt":{"rendered":"<p>On May 29, CNH2 hosted the meeting of the Hydrogen Working Group in Puertollano, bringing together representatives from Invest in Spain, the Spanish Hydrogen Association, and several regional governments. During the session, Javier Rosell, Director General for Enterprises at the Government of Castilla-La Mancha, emphasized the strategic importance of CNH2 as a true \u201cresearch ecosystem,\u201d [&hellip;]<\/p>\n","protected":false},"author":2,"featured_media":30949,"comment_status":"closed","ping_status":"closed","sticky":false,"template":"","format":"standard","meta":{"_lmt_disableupdate":"no","_lmt_disable":"","footnotes":""},"categories":[100,101],"tags":[],"class_list":["post-30951","post","type-post","status-publish","format-standard","has-post-thumbnail","hentry","category-cnh2-news","category-press"],"yoast_head":"<!-- This site is optimized with the Yoast SEO plugin v27.4 - https:\/\/yoast.com\/product\/yoast-seo-wordpress\/ -->\n<title>CNH2 Hosts the Hydrogen Working Group Meeting in Puertollano - Centro Nacional del Hidr\u00f3geno<\/title>\n<meta name=\"robots\" content=\"index, follow, max-snippet:-1, max-image-preview:large, max-video-preview:-1\" \/>\n<link rel=\"canonical\" href=\"https:\/\/www.cnh2.es\/en\/2025\/06\/02\/el-cnh2-acoge-la-jornada-del-grupo-de-trabajo-del-hidrogeno-en-puertollano\/\" \/>\n<meta property=\"og:locale\" content=\"en_US\" \/>\n<meta property=\"og:type\" content=\"article\" \/>\n<meta property=\"og:title\" content=\"CNH2 Hosts the Hydrogen Working Group Meeting in Puertollano - Centro Nacional del Hidr\u00f3geno\" \/>\n<meta property=\"og:description\" content=\"On May 29, CNH2 hosted the meeting of the Hydrogen Working Group in Puertollano, bringing together representatives from Invest in Spain, the Spanish Hydrogen Association, and several regional governments. During the session, Javier Rosell, Director General for Enterprises at the Government of Castilla-La Mancha, emphasized the strategic importance of CNH2 as a true \u201cresearch ecosystem,\u201d [&hellip;]\" \/>\n<meta property=\"og:url\" content=\"https:\/\/www.cnh2.es\/en\/2025\/06\/02\/el-cnh2-acoge-la-jornada-del-grupo-de-trabajo-del-hidrogeno-en-puertollano\/\" \/>\n<meta property=\"og:site_name\" content=\"Centro Nacional del Hidr\u00f3geno\" \/>\n<meta property=\"article:published_time\" content=\"2025-06-02T08:58:26+00:00\" \/>\n<meta property=\"article:modified_time\" content=\"2025-06-02T09:00:46+00:00\" \/>\n<meta property=\"og:image\" content=\"https:\/\/www.cnh2.es\/wp-content\/uploads\/2025\/06\/grupohidrogeno_foto.png\" \/>\n\t<meta property=\"og:image:width\" content=\"845\" \/>\n\t<meta property=\"og:image:height\" content=\"321\" \/>\n\t<meta property=\"og:image:type\" content=\"image\/png\" \/>\n<meta name=\"author\" content=\"cnh2\" \/>\n<meta name=\"twitter:card\" content=\"summary_large_image\" \/>\n<meta name=\"twitter:label1\" content=\"Written by\" \/>\n\t<meta name=\"twitter:data1\" content=\"cnh2\" \/>\n\t<meta name=\"twitter:label2\" content=\"Est. reading time\" \/>\n\t<meta name=\"twitter:data2\" content=\"1 minute\" \/>\n<script type=\"application\/ld+json\" class=\"yoast-schema-graph\">{\"@context\":\"https:\\\/\\\/schema.org\",\"@graph\":[{\"@type\":\"Article\",\"@id\":\"https:\\\/\\\/www.cnh2.es\\\/en\\\/2025\\\/06\\\/02\\\/el-cnh2-acoge-la-jornada-del-grupo-de-trabajo-del-hidrogeno-en-puertollano\\\/#article\",\"isPartOf\":{\"@id\":\"https:\\\/\\\/www.cnh2.es\\\/en\\\/2025\\\/06\\\/02\\\/el-cnh2-acoge-la-jornada-del-grupo-de-trabajo-del-hidrogeno-en-puertollano\\\/\"},\"author\":{\"name\":\"cnh2\",\"@id\":\"https:\\\/\\\/www.cnh2.es\\\/#\\\/schema\\\/person\\\/c7e71b9e0bb7fc06b5c90f489a3b08c9\"},\"headline\":\"CNH2 Hosts the Hydrogen Working Group Meeting in Puertollano\",\"datePublished\":\"2025-06-02T08:58:26+00:00\",\"dateModified\":\"2025-06-02T09:00:46+00:00\",\"mainEntityOfPage\":{\"@id\":\"https:\\\/\\\/www.cnh2.es\\\/en\\\/2025\\\/06\\\/02\\\/el-cnh2-acoge-la-jornada-del-grupo-de-trabajo-del-hidrogeno-en-puertollano\\\/\"},\"wordCount\":226,\"image\":{\"@id\":\"https:\\\/\\\/www.cnh2.es\\\/en\\\/2025\\\/06\\\/02\\\/el-cnh2-acoge-la-jornada-del-grupo-de-trabajo-del-hidrogeno-en-puertollano\\\/#primaryimage\"},\"thumbnailUrl\":\"https:\\\/\\\/www.cnh2.es\\\/wp-content\\\/uploads\\\/2025\\\/06\\\/grupohidrogeno_foto.png\",\"articleSection\":[\"CNH2 News\",\"Press\"],\"inLanguage\":\"en-US\"},{\"@type\":\"WebPage\",\"@id\":\"https:\\\/\\\/www.cnh2.es\\\/en\\\/2025\\\/06\\\/02\\\/el-cnh2-acoge-la-jornada-del-grupo-de-trabajo-del-hidrogeno-en-puertollano\\\/\",\"url\":\"https:\\\/\\\/www.cnh2.es\\\/en\\\/2025\\\/06\\\/02\\\/el-cnh2-acoge-la-jornada-del-grupo-de-trabajo-del-hidrogeno-en-puertollano\\\/\",\"name\":\"CNH2 Hosts the Hydrogen Working Group Meeting in Puertollano - Centro Nacional del Hidr\u00f3geno\",\"isPartOf\":{\"@id\":\"https:\\\/\\\/www.cnh2.es\\\/#website\"},\"primaryImageOfPage\":{\"@id\":\"https:\\\/\\\/www.cnh2.es\\\/en\\\/2025\\\/06\\\/02\\\/el-cnh2-acoge-la-jornada-del-grupo-de-trabajo-del-hidrogeno-en-puertollano\\\/#primaryimage\"},\"image\":{\"@id\":\"https:\\\/\\\/www.cnh2.es\\\/en\\\/2025\\\/06\\\/02\\\/el-cnh2-acoge-la-jornada-del-grupo-de-trabajo-del-hidrogeno-en-puertollano\\\/#primaryimage\"},\"thumbnailUrl\":\"https:\\\/\\\/www.cnh2.es\\\/wp-content\\\/uploads\\\/2025\\\/06\\\/grupohidrogeno_foto.png\",\"datePublished\":\"2025-06-02T08:58:26+00:00\",\"dateModified\":\"2025-06-02T09:00:46+00:00\",\"author\":{\"@id\":\"https:\\\/\\\/www.cnh2.es\\\/#\\\/schema\\\/person\\\/c7e71b9e0bb7fc06b5c90f489a3b08c9\"},\"breadcrumb\":{\"@id\":\"https:\\\/\\\/www.cnh2.es\\\/en\\\/2025\\\/06\\\/02\\\/el-cnh2-acoge-la-jornada-del-grupo-de-trabajo-del-hidrogeno-en-puertollano\\\/#breadcrumb\"},\"inLanguage\":\"en-US\",\"potentialAction\":[{\"@type\":\"ReadAction\",\"target\":[\"https:\\\/\\\/www.cnh2.es\\\/en\\\/2025\\\/06\\\/02\\\/el-cnh2-acoge-la-jornada-del-grupo-de-trabajo-del-hidrogeno-en-puertollano\\\/\"]}]},{\"@type\":\"ImageObject\",\"inLanguage\":\"en-US\",\"@id\":\"https:\\\/\\\/www.cnh2.es\\\/en\\\/2025\\\/06\\\/02\\\/el-cnh2-acoge-la-jornada-del-grupo-de-trabajo-del-hidrogeno-en-puertollano\\\/#primaryimage\",\"url\":\"https:\\\/\\\/www.cnh2.es\\\/wp-content\\\/uploads\\\/2025\\\/06\\\/grupohidrogeno_foto.png\",\"contentUrl\":\"https:\\\/\\\/www.cnh2.es\\\/wp-content\\\/uploads\\\/2025\\\/06\\\/grupohidrogeno_foto.png\",\"width\":845,\"height\":321},{\"@type\":\"BreadcrumbList\",\"@id\":\"https:\\\/\\\/www.cnh2.es\\\/en\\\/2025\\\/06\\\/02\\\/el-cnh2-acoge-la-jornada-del-grupo-de-trabajo-del-hidrogeno-en-puertollano\\\/#breadcrumb\",\"itemListElement\":[{\"@type\":\"ListItem\",\"position\":1,\"name\":\"Home\",\"item\":\"https:\\\/\\\/www.cnh2.es\\\/en\\\/\"},{\"@type\":\"ListItem\",\"position\":2,\"name\":\"CNH2 Hosts the Hydrogen Working Group Meeting in Puertollano\"}]},{\"@type\":\"WebSite\",\"@id\":\"https:\\\/\\\/www.cnh2.es\\\/#website\",\"url\":\"https:\\\/\\\/www.cnh2.es\\\/\",\"name\":\"Centro Nacional del Hidr\u00f3geno\",\"description\":\"El Centro Nacional del Hidr\u00f3geno (CNH2), es una instalaci\u00f3n de nueva creaci\u00f3n dedicada en exclusividad a la investigaci\u00f3n y desarrollo de las tecnolog\u00edas del...\",\"potentialAction\":[{\"@type\":\"SearchAction\",\"target\":{\"@type\":\"EntryPoint\",\"urlTemplate\":\"https:\\\/\\\/www.cnh2.es\\\/?s={search_term_string}\"},\"query-input\":{\"@type\":\"PropertyValueSpecification\",\"valueRequired\":true,\"valueName\":\"search_term_string\"}}],\"inLanguage\":\"en-US\"},{\"@type\":\"Person\",\"@id\":\"https:\\\/\\\/www.cnh2.es\\\/#\\\/schema\\\/person\\\/c7e71b9e0bb7fc06b5c90f489a3b08c9\",\"name\":\"cnh2\",\"image\":{\"@type\":\"ImageObject\",\"inLanguage\":\"en-US\",\"@id\":\"https:\\\/\\\/secure.gravatar.com\\\/avatar\\\/3f38779628ec8f379d10b11b1983755d8d5ceb434c57e13b8b1e62ad66b9800f?s=96&d=mm&r=g\",\"url\":\"https:\\\/\\\/secure.gravatar.com\\\/avatar\\\/3f38779628ec8f379d10b11b1983755d8d5ceb434c57e13b8b1e62ad66b9800f?s=96&d=mm&r=g\",\"contentUrl\":\"https:\\\/\\\/secure.gravatar.com\\\/avatar\\\/3f38779628ec8f379d10b11b1983755d8d5ceb434c57e13b8b1e62ad66b9800f?s=96&d=mm&r=g\",\"caption\":\"cnh2\"}}]}<\/script>\n<!-- \/ Yoast SEO plugin. -->","yoast_head_json":{"title":"CNH2 Hosts the Hydrogen Working Group Meeting in Puertollano - Centro Nacional del Hidr\u00f3geno","robots":{"index":"index","follow":"follow","max-snippet":"max-snippet:-1","max-image-preview":"max-image-preview:large","max-video-preview":"max-video-preview:-1"},"canonical":"https:\/\/www.cnh2.es\/en\/2025\/06\/02\/el-cnh2-acoge-la-jornada-del-grupo-de-trabajo-del-hidrogeno-en-puertollano\/","og_locale":"en_US","og_type":"article","og_title":"CNH2 Hosts the Hydrogen Working Group Meeting in Puertollano - Centro Nacional del Hidr\u00f3geno","og_description":"On May 29, CNH2 hosted the meeting of the Hydrogen Working Group in Puertollano, bringing together representatives from Invest in Spain, the Spanish Hydrogen Association, and several regional governments. During the session, Javier Rosell, Director General for Enterprises at the Government of Castilla-La Mancha, emphasized the strategic importance of CNH2 as a true \u201cresearch ecosystem,\u201d [&hellip;]","og_url":"https:\/\/www.cnh2.es\/en\/2025\/06\/02\/el-cnh2-acoge-la-jornada-del-grupo-de-trabajo-del-hidrogeno-en-puertollano\/","og_site_name":"Centro Nacional del Hidr\u00f3geno","article_published_time":"2025-06-02T08:58:26+00:00","article_modified_time":"2025-06-02T09:00:46+00:00","og_image":[{"width":845,"height":321,"url":"https:\/\/www.cnh2.es\/wp-content\/uploads\/2025\/06\/grupohidrogeno_foto.png","type":"image\/png"}],"author":"cnh2","twitter_card":"summary_large_image","twitter_misc":{"Written by":"cnh2","Est. reading time":"1 minute"},"schema":{"@context":"https:\/\/schema.org","@graph":[{"@type":"Article","@id":"https:\/\/www.cnh2.es\/en\/2025\/06\/02\/el-cnh2-acoge-la-jornada-del-grupo-de-trabajo-del-hidrogeno-en-puertollano\/#article","isPartOf":{"@id":"https:\/\/www.cnh2.es\/en\/2025\/06\/02\/el-cnh2-acoge-la-jornada-del-grupo-de-trabajo-del-hidrogeno-en-puertollano\/"},"author":{"name":"cnh2","@id":"https:\/\/www.cnh2.es\/#\/schema\/person\/c7e71b9e0bb7fc06b5c90f489a3b08c9"},"headline":"CNH2 Hosts the Hydrogen Working Group Meeting in Puertollano","datePublished":"2025-06-02T08:58:26+00:00","dateModified":"2025-06-02T09:00:46+00:00","mainEntityOfPage":{"@id":"https:\/\/www.cnh2.es\/en\/2025\/06\/02\/el-cnh2-acoge-la-jornada-del-grupo-de-trabajo-del-hidrogeno-en-puertollano\/"},"wordCount":226,"image":{"@id":"https:\/\/www.cnh2.es\/en\/2025\/06\/02\/el-cnh2-acoge-la-jornada-del-grupo-de-trabajo-del-hidrogeno-en-puertollano\/#primaryimage"},"thumbnailUrl":"https:\/\/www.cnh2.es\/wp-content\/uploads\/2025\/06\/grupohidrogeno_foto.png","articleSection":["CNH2 News","Press"],"inLanguage":"en-US"},{"@type":"WebPage","@id":"https:\/\/www.cnh2.es\/en\/2025\/06\/02\/el-cnh2-acoge-la-jornada-del-grupo-de-trabajo-del-hidrogeno-en-puertollano\/","url":"https:\/\/www.cnh2.es\/en\/2025\/06\/02\/el-cnh2-acoge-la-jornada-del-grupo-de-trabajo-del-hidrogeno-en-puertollano\/","name":"CNH2 Hosts the Hydrogen Working Group Meeting in Puertollano - Centro Nacional del Hidr\u00f3geno","isPartOf":{"@id":"https:\/\/www.cnh2.es\/#website"},"primaryImageOfPage":{"@id":"https:\/\/www.cnh2.es\/en\/2025\/06\/02\/el-cnh2-acoge-la-jornada-del-grupo-de-trabajo-del-hidrogeno-en-puertollano\/#primaryimage"},"image":{"@id":"https:\/\/www.cnh2.es\/en\/2025\/06\/02\/el-cnh2-acoge-la-jornada-del-grupo-de-trabajo-del-hidrogeno-en-puertollano\/#primaryimage"},"thumbnailUrl":"https:\/\/www.cnh2.es\/wp-content\/uploads\/2025\/06\/grupohidrogeno_foto.png","datePublished":"2025-06-02T08:58:26+00:00","dateModified":"2025-06-02T09:00:46+00:00","author":{"@id":"https:\/\/www.cnh2.es\/#\/schema\/person\/c7e71b9e0bb7fc06b5c90f489a3b08c9"},"breadcrumb":{"@id":"https:\/\/www.cnh2.es\/en\/2025\/06\/02\/el-cnh2-acoge-la-jornada-del-grupo-de-trabajo-del-hidrogeno-en-puertollano\/#breadcrumb"},"inLanguage":"en-US","potentialAction":[{"@type":"ReadAction","target":["https:\/\/www.cnh2.es\/en\/2025\/06\/02\/el-cnh2-acoge-la-jornada-del-grupo-de-trabajo-del-hidrogeno-en-puertollano\/"]}]},{"@type":"ImageObject","inLanguage":"en-US","@id":"https:\/\/www.cnh2.es\/en\/2025\/06\/02\/el-cnh2-acoge-la-jornada-del-grupo-de-trabajo-del-hidrogeno-en-puertollano\/#primaryimage","url":"https:\/\/www.cnh2.es\/wp-content\/uploads\/2025\/06\/grupohidrogeno_foto.png","contentUrl":"https:\/\/www.cnh2.es\/wp-content\/uploads\/2025\/06\/grupohidrogeno_foto.png","width":845,"height":321},{"@type":"BreadcrumbList","@id":"https:\/\/www.cnh2.es\/en\/2025\/06\/02\/el-cnh2-acoge-la-jornada-del-grupo-de-trabajo-del-hidrogeno-en-puertollano\/#breadcrumb","itemListElement":[{"@type":"ListItem","position":1,"name":"Home","item":"https:\/\/www.cnh2.es\/en\/"},{"@type":"ListItem","position":2,"name":"CNH2 Hosts the Hydrogen Working Group Meeting in Puertollano"}]},{"@type":"WebSite","@id":"https:\/\/www.cnh2.es\/#website","url":"https:\/\/www.cnh2.es\/","name":"Centro Nacional del Hidr\u00f3geno","description":"El Centro Nacional del Hidr\u00f3geno (CNH2), es una instalaci\u00f3n de nueva creaci\u00f3n dedicada en exclusividad a la investigaci\u00f3n y desarrollo de las tecnolog\u00edas del...","potentialAction":[{"@type":"SearchAction","target":{"@type":"EntryPoint","urlTemplate":"https:\/\/www.cnh2.es\/?s={search_term_string}"},"query-input":{"@type":"PropertyValueSpecification","valueRequired":true,"valueName":"search_term_string"}}],"inLanguage":"en-US"},{"@type":"Person","@id":"https:\/\/www.cnh2.es\/#\/schema\/person\/c7e71b9e0bb7fc06b5c90f489a3b08c9","name":"cnh2","image":{"@type":"ImageObject","inLanguage":"en-US","@id":"https:\/\/secure.gravatar.com\/avatar\/3f38779628ec8f379d10b11b1983755d8d5ceb434c57e13b8b1e62ad66b9800f?s=96&d=mm&r=g","url":"https:\/\/secure.gravatar.com\/avatar\/3f38779628ec8f379d10b11b1983755d8d5ceb434c57e13b8b1e62ad66b9800f?s=96&d=mm&r=g","contentUrl":"https:\/\/secure.gravatar.com\/avatar\/3f38779628ec8f379d10b11b1983755d8d5ceb434c57e13b8b1e62ad66b9800f?s=96&d=mm&r=g","caption":"cnh2"}}]}},"modified_by":"cnh2","_links":{"self":[{"href":"https:\/\/www.cnh2.es\/en\/wp-json\/wp\/v2\/posts\/30951","targetHints":{"allow":["GET"]}}],"collection":[{"href":"https:\/\/www.cnh2.es\/en\/wp-json\/wp\/v2\/posts"}],"about":[{"href":"https:\/\/www.cnh2.es\/en\/wp-json\/wp\/v2\/types\/post"}],"author":[{"embeddable":true,"href":"https:\/\/www.cnh2.es\/en\/wp-json\/wp\/v2\/users\/2"}],"replies":[{"embeddable":true,"href":"https:\/\/www.cnh2.es\/en\/wp-json\/wp\/v2\/comments?post=30951"}],"version-history":[{"count":0,"href":"https:\/\/www.cnh2.es\/en\/wp-json\/wp\/v2\/posts\/30951\/revisions"}],"wp:featuredmedia":[{"embeddable":true,"href":"https:\/\/www.cnh2.es\/en\/wp-json\/wp\/v2\/media\/30949"}],"wp:attachment":[{"href":"https:\/\/www.cnh2.es\/en\/wp-json\/wp\/v2\/media?parent=30951"}],"wp:term":[{"taxonomy":"category","embeddable":true,"href":"https:\/\/www.cnh2.es\/en\/wp-json\/wp\/v2\/categories?post=30951"},{"taxonomy":"post_tag","embeddable":true,"href":"https:\/\/www.cnh2.es\/en\/wp-json\/wp\/v2\/tags?post=30951"}],"curies":[{"name":"wp","href":"https:\/\/api.w.org\/{rel}","templated":true}]}}