{"id":13039,"date":"2011-04-07T12:00:28","date_gmt":"2011-04-07T12:00:28","guid":{"rendered":"https:\/\/www.cnh2.es\/?p=1597"},"modified":"2011-04-07T12:00:28","modified_gmt":"2011-04-07T12:00:28","slug":"6%c2%ba-foro-uclm-empleo","status":"publish","type":"post","link":"https:\/\/www.cnh2.es\/en\/2011\/04\/07\/6%c2%ba-foro-uclm-empleo\/","title":{"rendered":"6\u00ba Foro UCLM Empleo"},"content":{"rendered":"<p><!--:es-->6 de Abril de 2011.<\/p>\n<p>\u201c6\u00ba Foro UCLM Empleo\u201d . Universidad de Castilla \u2013 La Mancha. Campus de Ciudad Real.<\/p>\n<p><img loading=\"lazy\" decoding=\"async\" class=\"aligncenter size-medium wp-image-1598\" title=\"6\u00ba Foro UCLM Empleo\" src=\"https:\/\/www.cnh2.es\/wp-content\/uploads\/2011\/09\/CIMG2273-300x225.jpg\" alt=\"\" width=\"300\" height=\"225\" \/><br \/>\n<strong><\/strong><\/p>\n<p><strong>Organiza:<\/strong><br \/>\nUniversidad de Castilla-La Mancha, Centro de Informaci\u00f3n y Promoci\u00f3n del Empleo (CIPE)<\/p>\n<p><strong>Fecha:<\/strong><br \/>\n06\/04\/2011<\/p>\n<p><strong>Lugar:<\/strong><\/p>\n<p>Rectorado de la UCLM,<br \/>\nCarpa de UCLMempleo, en Paseo Central del Rectorado,<br \/>\nRonda de Toledo s\/n,<br \/>\n13071 Ciudad Real<\/p>\n<p><strong>Alcance:<\/strong><br \/>\nUn total de 1.250 universitarios inscritos, 25 actividades en las que se han inscrito m\u00e1s 3.600 asistentes con un 100% de ocupaci\u00f3n en la mayor\u00eda de ellas, m\u00e1s de 400 universitarios desplazados desde otros campus, son s\u00f3lo algunas de las cifras que avalan el \u00e9xito de \u00e9ste evento.<\/p>\n<p><strong>Participaci\u00f3n del CNH2:<\/strong><br \/>\nModalidad de participaci\u00f3n de expositor, incluyendo un Stand.<\/p>\n<p><strong>Descripci\u00f3n:<\/strong><\/p>\n<p>Es una actividad que re\u00fane durante una jornada en la UCLM a empresas, que suelen contratar trabajadores cualificados, y universitarios que buscan empleo, bien porque han terminado sus estudios o porque est\u00e1n apunto de concluirlos. Por ello, es una magn\u00edfica oportunidad para darse a conocer y hacer contactos profesionales. Este a\u00f1o se ha celebrado la 6\u00aa edici\u00f3n, el d\u00eda 6 de abril en el Campus de Ciudad Real.<\/p>\n<p>Para el Centro Nacional del Hidr\u00f3geno, adem\u00e1s ha sido una gran oportunidad para dar a conocer las tecnolog\u00edas del hidr\u00f3geno y las pilas de combustible y poder hacer una divulgaci\u00f3n cient\u00edfica y tecnol\u00f3gica de sus aplicaciones.<\/p>\n<p><strong>URL:<\/strong><br \/>\n<a href=\"www.uclmempleo.uclm.es\" target=\"_blank\">www.uclmempleo.uclm.es<\/a><!--:--><!--:en--><br \/>\n<!--:--><\/p>\n","protected":false},"excerpt":{"rendered":"<p>6 de Abril de 2011. \u201c6\u00ba Foro UCLM Empleo\u201d . Universidad de Castilla \u2013 La Mancha. Campus de Ciudad Real. Organiza: Universidad de Castilla-La Mancha, Centro de Informaci\u00f3n y Promoci\u00f3n del Empleo (CIPE) Fecha: 06\/04\/2011 Lugar: Rectorado de la UCLM, Carpa de UCLMempleo, en Paseo Central del Rectorado, Ronda de Toledo s\/n, 13071 Ciudad Real [&hellip;]<\/p>\n","protected":false},"author":2,"featured_media":0,"comment_status":"closed","ping_status":"closed","sticky":false,"template":"","format":"standard","meta":{"_lmt_disableupdate":"","_lmt_disable":"","footnotes":""},"categories":[100],"tags":[],"class_list":["post-13039","post","type-post","status-publish","format-standard","hentry","category-cnh2-news"],"yoast_head":"<!-- This site is optimized with the Yoast SEO plugin v27.4 - https:\/\/yoast.com\/product\/yoast-seo-wordpress\/ -->\n<title>6\u00ba Foro UCLM Empleo - Centro Nacional del Hidr\u00f3geno<\/title>\n<meta name=\"robots\" content=\"index, follow, max-snippet:-1, max-image-preview:large, max-video-preview:-1\" \/>\n<link rel=\"canonical\" href=\"https:\/\/www.cnh2.es\/en\/2011\/04\/07\/6\u00ba-foro-uclm-empleo\/\" \/>\n<meta property=\"og:locale\" content=\"en_US\" \/>\n<meta property=\"og:type\" content=\"article\" \/>\n<meta property=\"og:title\" content=\"6\u00ba Foro UCLM Empleo - Centro Nacional del Hidr\u00f3geno\" \/>\n<meta property=\"og:description\" content=\"6 de Abril de 2011. \u201c6\u00ba Foro UCLM Empleo\u201d . Universidad de Castilla \u2013 La Mancha. Campus de Ciudad Real. Organiza: Universidad de Castilla-La Mancha, Centro de Informaci\u00f3n y Promoci\u00f3n del Empleo (CIPE) Fecha: 06\/04\/2011 Lugar: Rectorado de la UCLM, Carpa de UCLMempleo, en Paseo Central del Rectorado, Ronda de Toledo s\/n, 13071 Ciudad Real [&hellip;]\" \/>\n<meta property=\"og:url\" content=\"https:\/\/www.cnh2.es\/en\/2011\/04\/07\/6\u00ba-foro-uclm-empleo\/\" \/>\n<meta property=\"og:site_name\" content=\"Centro Nacional del Hidr\u00f3geno\" \/>\n<meta property=\"article:published_time\" content=\"2011-04-07T12:00:28+00:00\" \/>\n<meta property=\"og:image\" content=\"https:\/\/www.cnh2.es\/wp-content\/uploads\/2011\/09\/CIMG2273-300x225.jpg\" \/>\n<meta name=\"author\" content=\"cnh2\" \/>\n<meta name=\"twitter:card\" content=\"summary_large_image\" \/>\n<meta name=\"twitter:label1\" content=\"Written by\" \/>\n\t<meta name=\"twitter:data1\" content=\"cnh2\" \/>\n\t<meta name=\"twitter:label2\" content=\"Est. reading time\" \/>\n\t<meta name=\"twitter:data2\" content=\"1 minute\" \/>\n<script type=\"application\/ld+json\" class=\"yoast-schema-graph\">{\"@context\":\"https:\\\/\\\/schema.org\",\"@graph\":[{\"@type\":\"Article\",\"@id\":\"https:\\\/\\\/www.cnh2.es\\\/en\\\/2011\\\/04\\\/07\\\/6%c2%ba-foro-uclm-empleo\\\/#article\",\"isPartOf\":{\"@id\":\"https:\\\/\\\/www.cnh2.es\\\/en\\\/2011\\\/04\\\/07\\\/6%c2%ba-foro-uclm-empleo\\\/\"},\"author\":{\"name\":\"cnh2\",\"@id\":\"https:\\\/\\\/www.cnh2.es\\\/#\\\/schema\\\/person\\\/c7e71b9e0bb7fc06b5c90f489a3b08c9\"},\"headline\":\"6\u00ba Foro UCLM Empleo\",\"datePublished\":\"2011-04-07T12:00:28+00:00\",\"mainEntityOfPage\":{\"@id\":\"https:\\\/\\\/www.cnh2.es\\\/en\\\/2011\\\/04\\\/07\\\/6%c2%ba-foro-uclm-empleo\\\/\"},\"wordCount\":238,\"image\":{\"@id\":\"https:\\\/\\\/www.cnh2.es\\\/en\\\/2011\\\/04\\\/07\\\/6%c2%ba-foro-uclm-empleo\\\/#primaryimage\"},\"thumbnailUrl\":\"https:\\\/\\\/www.cnh2.es\\\/wp-content\\\/uploads\\\/2011\\\/09\\\/CIMG2273-300x225.jpg\",\"articleSection\":[\"CNH2 News\"],\"inLanguage\":\"en-US\"},{\"@type\":\"WebPage\",\"@id\":\"https:\\\/\\\/www.cnh2.es\\\/en\\\/2011\\\/04\\\/07\\\/6%c2%ba-foro-uclm-empleo\\\/\",\"url\":\"https:\\\/\\\/www.cnh2.es\\\/en\\\/2011\\\/04\\\/07\\\/6%c2%ba-foro-uclm-empleo\\\/\",\"name\":\"6\u00ba Foro UCLM Empleo - Centro Nacional del Hidr\u00f3geno\",\"isPartOf\":{\"@id\":\"https:\\\/\\\/www.cnh2.es\\\/#website\"},\"primaryImageOfPage\":{\"@id\":\"https:\\\/\\\/www.cnh2.es\\\/en\\\/2011\\\/04\\\/07\\\/6%c2%ba-foro-uclm-empleo\\\/#primaryimage\"},\"image\":{\"@id\":\"https:\\\/\\\/www.cnh2.es\\\/en\\\/2011\\\/04\\\/07\\\/6%c2%ba-foro-uclm-empleo\\\/#primaryimage\"},\"thumbnailUrl\":\"https:\\\/\\\/www.cnh2.es\\\/wp-content\\\/uploads\\\/2011\\\/09\\\/CIMG2273-300x225.jpg\",\"datePublished\":\"2011-04-07T12:00:28+00:00\",\"author\":{\"@id\":\"https:\\\/\\\/www.cnh2.es\\\/#\\\/schema\\\/person\\\/c7e71b9e0bb7fc06b5c90f489a3b08c9\"},\"breadcrumb\":{\"@id\":\"https:\\\/\\\/www.cnh2.es\\\/en\\\/2011\\\/04\\\/07\\\/6%c2%ba-foro-uclm-empleo\\\/#breadcrumb\"},\"inLanguage\":\"en-US\",\"potentialAction\":[{\"@type\":\"ReadAction\",\"target\":[\"https:\\\/\\\/www.cnh2.es\\\/en\\\/2011\\\/04\\\/07\\\/6%c2%ba-foro-uclm-empleo\\\/\"]}]},{\"@type\":\"ImageObject\",\"inLanguage\":\"en-US\",\"@id\":\"https:\\\/\\\/www.cnh2.es\\\/en\\\/2011\\\/04\\\/07\\\/6%c2%ba-foro-uclm-empleo\\\/#primaryimage\",\"url\":\"https:\\\/\\\/www.cnh2.es\\\/wp-content\\\/uploads\\\/2011\\\/09\\\/CIMG2273-300x225.jpg\",\"contentUrl\":\"https:\\\/\\\/www.cnh2.es\\\/wp-content\\\/uploads\\\/2011\\\/09\\\/CIMG2273-300x225.jpg\"},{\"@type\":\"BreadcrumbList\",\"@id\":\"https:\\\/\\\/www.cnh2.es\\\/en\\\/2011\\\/04\\\/07\\\/6%c2%ba-foro-uclm-empleo\\\/#breadcrumb\",\"itemListElement\":[{\"@type\":\"ListItem\",\"position\":1,\"name\":\"Home\",\"item\":\"https:\\\/\\\/www.cnh2.es\\\/en\\\/\"},{\"@type\":\"ListItem\",\"position\":2,\"name\":\"6\u00ba Foro UCLM Empleo\"}]},{\"@type\":\"WebSite\",\"@id\":\"https:\\\/\\\/www.cnh2.es\\\/#website\",\"url\":\"https:\\\/\\\/www.cnh2.es\\\/\",\"name\":\"Centro Nacional del Hidr\u00f3geno\",\"description\":\"El Centro Nacional del Hidr\u00f3geno (CNH2), es una instalaci\u00f3n de nueva creaci\u00f3n dedicada en exclusividad a la investigaci\u00f3n y desarrollo de las tecnolog\u00edas del...\",\"potentialAction\":[{\"@type\":\"SearchAction\",\"target\":{\"@type\":\"EntryPoint\",\"urlTemplate\":\"https:\\\/\\\/www.cnh2.es\\\/?s={search_term_string}\"},\"query-input\":{\"@type\":\"PropertyValueSpecification\",\"valueRequired\":true,\"valueName\":\"search_term_string\"}}],\"inLanguage\":\"en-US\"},{\"@type\":\"Person\",\"@id\":\"https:\\\/\\\/www.cnh2.es\\\/#\\\/schema\\\/person\\\/c7e71b9e0bb7fc06b5c90f489a3b08c9\",\"name\":\"cnh2\",\"image\":{\"@type\":\"ImageObject\",\"inLanguage\":\"en-US\",\"@id\":\"https:\\\/\\\/secure.gravatar.com\\\/avatar\\\/3f38779628ec8f379d10b11b1983755d8d5ceb434c57e13b8b1e62ad66b9800f?s=96&d=mm&r=g\",\"url\":\"https:\\\/\\\/secure.gravatar.com\\\/avatar\\\/3f38779628ec8f379d10b11b1983755d8d5ceb434c57e13b8b1e62ad66b9800f?s=96&d=mm&r=g\",\"contentUrl\":\"https:\\\/\\\/secure.gravatar.com\\\/avatar\\\/3f38779628ec8f379d10b11b1983755d8d5ceb434c57e13b8b1e62ad66b9800f?s=96&d=mm&r=g\",\"caption\":\"cnh2\"}}]}<\/script>\n<!-- \/ Yoast SEO plugin. -->","yoast_head_json":{"title":"6\u00ba Foro UCLM Empleo - Centro Nacional del Hidr\u00f3geno","robots":{"index":"index","follow":"follow","max-snippet":"max-snippet:-1","max-image-preview":"max-image-preview:large","max-video-preview":"max-video-preview:-1"},"canonical":"https:\/\/www.cnh2.es\/en\/2011\/04\/07\/6\u00ba-foro-uclm-empleo\/","og_locale":"en_US","og_type":"article","og_title":"6\u00ba Foro UCLM Empleo - Centro Nacional del Hidr\u00f3geno","og_description":"6 de Abril de 2011. \u201c6\u00ba Foro UCLM Empleo\u201d . Universidad de Castilla \u2013 La Mancha. Campus de Ciudad Real. Organiza: Universidad de Castilla-La Mancha, Centro de Informaci\u00f3n y Promoci\u00f3n del Empleo (CIPE) Fecha: 06\/04\/2011 Lugar: Rectorado de la UCLM, Carpa de UCLMempleo, en Paseo Central del Rectorado, Ronda de Toledo s\/n, 13071 Ciudad Real [&hellip;]","og_url":"https:\/\/www.cnh2.es\/en\/2011\/04\/07\/6\u00ba-foro-uclm-empleo\/","og_site_name":"Centro Nacional del Hidr\u00f3geno","article_published_time":"2011-04-07T12:00:28+00:00","og_image":[{"url":"https:\/\/www.cnh2.es\/wp-content\/uploads\/2011\/09\/CIMG2273-300x225.jpg","type":"","width":"","height":""}],"author":"cnh2","twitter_card":"summary_large_image","twitter_misc":{"Written by":"cnh2","Est. reading time":"1 minute"},"schema":{"@context":"https:\/\/schema.org","@graph":[{"@type":"Article","@id":"https:\/\/www.cnh2.es\/en\/2011\/04\/07\/6%c2%ba-foro-uclm-empleo\/#article","isPartOf":{"@id":"https:\/\/www.cnh2.es\/en\/2011\/04\/07\/6%c2%ba-foro-uclm-empleo\/"},"author":{"name":"cnh2","@id":"https:\/\/www.cnh2.es\/#\/schema\/person\/c7e71b9e0bb7fc06b5c90f489a3b08c9"},"headline":"6\u00ba Foro UCLM Empleo","datePublished":"2011-04-07T12:00:28+00:00","mainEntityOfPage":{"@id":"https:\/\/www.cnh2.es\/en\/2011\/04\/07\/6%c2%ba-foro-uclm-empleo\/"},"wordCount":238,"image":{"@id":"https:\/\/www.cnh2.es\/en\/2011\/04\/07\/6%c2%ba-foro-uclm-empleo\/#primaryimage"},"thumbnailUrl":"https:\/\/www.cnh2.es\/wp-content\/uploads\/2011\/09\/CIMG2273-300x225.jpg","articleSection":["CNH2 News"],"inLanguage":"en-US"},{"@type":"WebPage","@id":"https:\/\/www.cnh2.es\/en\/2011\/04\/07\/6%c2%ba-foro-uclm-empleo\/","url":"https:\/\/www.cnh2.es\/en\/2011\/04\/07\/6%c2%ba-foro-uclm-empleo\/","name":"6\u00ba Foro UCLM Empleo - Centro Nacional del Hidr\u00f3geno","isPartOf":{"@id":"https:\/\/www.cnh2.es\/#website"},"primaryImageOfPage":{"@id":"https:\/\/www.cnh2.es\/en\/2011\/04\/07\/6%c2%ba-foro-uclm-empleo\/#primaryimage"},"image":{"@id":"https:\/\/www.cnh2.es\/en\/2011\/04\/07\/6%c2%ba-foro-uclm-empleo\/#primaryimage"},"thumbnailUrl":"https:\/\/www.cnh2.es\/wp-content\/uploads\/2011\/09\/CIMG2273-300x225.jpg","datePublished":"2011-04-07T12:00:28+00:00","author":{"@id":"https:\/\/www.cnh2.es\/#\/schema\/person\/c7e71b9e0bb7fc06b5c90f489a3b08c9"},"breadcrumb":{"@id":"https:\/\/www.cnh2.es\/en\/2011\/04\/07\/6%c2%ba-foro-uclm-empleo\/#breadcrumb"},"inLanguage":"en-US","potentialAction":[{"@type":"ReadAction","target":["https:\/\/www.cnh2.es\/en\/2011\/04\/07\/6%c2%ba-foro-uclm-empleo\/"]}]},{"@type":"ImageObject","inLanguage":"en-US","@id":"https:\/\/www.cnh2.es\/en\/2011\/04\/07\/6%c2%ba-foro-uclm-empleo\/#primaryimage","url":"https:\/\/www.cnh2.es\/wp-content\/uploads\/2011\/09\/CIMG2273-300x225.jpg","contentUrl":"https:\/\/www.cnh2.es\/wp-content\/uploads\/2011\/09\/CIMG2273-300x225.jpg"},{"@type":"BreadcrumbList","@id":"https:\/\/www.cnh2.es\/en\/2011\/04\/07\/6%c2%ba-foro-uclm-empleo\/#breadcrumb","itemListElement":[{"@type":"ListItem","position":1,"name":"Home","item":"https:\/\/www.cnh2.es\/en\/"},{"@type":"ListItem","position":2,"name":"6\u00ba Foro UCLM Empleo"}]},{"@type":"WebSite","@id":"https:\/\/www.cnh2.es\/#website","url":"https:\/\/www.cnh2.es\/","name":"Centro Nacional del Hidr\u00f3geno","description":"El Centro Nacional del Hidr\u00f3geno (CNH2), es una instalaci\u00f3n de nueva creaci\u00f3n dedicada en exclusividad a la investigaci\u00f3n y desarrollo de las tecnolog\u00edas del...","potentialAction":[{"@type":"SearchAction","target":{"@type":"EntryPoint","urlTemplate":"https:\/\/www.cnh2.es\/?s={search_term_string}"},"query-input":{"@type":"PropertyValueSpecification","valueRequired":true,"valueName":"search_term_string"}}],"inLanguage":"en-US"},{"@type":"Person","@id":"https:\/\/www.cnh2.es\/#\/schema\/person\/c7e71b9e0bb7fc06b5c90f489a3b08c9","name":"cnh2","image":{"@type":"ImageObject","inLanguage":"en-US","@id":"https:\/\/secure.gravatar.com\/avatar\/3f38779628ec8f379d10b11b1983755d8d5ceb434c57e13b8b1e62ad66b9800f?s=96&d=mm&r=g","url":"https:\/\/secure.gravatar.com\/avatar\/3f38779628ec8f379d10b11b1983755d8d5ceb434c57e13b8b1e62ad66b9800f?s=96&d=mm&r=g","contentUrl":"https:\/\/secure.gravatar.com\/avatar\/3f38779628ec8f379d10b11b1983755d8d5ceb434c57e13b8b1e62ad66b9800f?s=96&d=mm&r=g","caption":"cnh2"}}]}},"modified_by":"cnh2","_links":{"self":[{"href":"https:\/\/www.cnh2.es\/en\/wp-json\/wp\/v2\/posts\/13039","targetHints":{"allow":["GET"]}}],"collection":[{"href":"https:\/\/www.cnh2.es\/en\/wp-json\/wp\/v2\/posts"}],"about":[{"href":"https:\/\/www.cnh2.es\/en\/wp-json\/wp\/v2\/types\/post"}],"author":[{"embeddable":true,"href":"https:\/\/www.cnh2.es\/en\/wp-json\/wp\/v2\/users\/2"}],"replies":[{"embeddable":true,"href":"https:\/\/www.cnh2.es\/en\/wp-json\/wp\/v2\/comments?post=13039"}],"version-history":[{"count":0,"href":"https:\/\/www.cnh2.es\/en\/wp-json\/wp\/v2\/posts\/13039\/revisions"}],"wp:attachment":[{"href":"https:\/\/www.cnh2.es\/en\/wp-json\/wp\/v2\/media?parent=13039"}],"wp:term":[{"taxonomy":"category","embeddable":true,"href":"https:\/\/www.cnh2.es\/en\/wp-json\/wp\/v2\/categories?post=13039"},{"taxonomy":"post_tag","embeddable":true,"href":"https:\/\/www.cnh2.es\/en\/wp-json\/wp\/v2\/tags?post=13039"}],"curies":[{"name":"wp","href":"https:\/\/api.w.org\/{rel}","templated":true}]}}