{"id":10544,"date":"2018-12-01T12:03:15","date_gmt":"2018-12-01T11:03:15","guid":{"rendered":"https:\/\/www.cnh2.es\/?p=10544"},"modified":"2019-02-20T10:46:16","modified_gmt":"2019-02-20T10:46:16","slug":"participacion-del-cnh2-en-la-primera-semana-de-movilidad-del-proyecto-fabricacion-de-un-kart-con-energias-alternativas-del-programa-erasmus","status":"publish","type":"post","link":"https:\/\/www.cnh2.es\/en\/2018\/12\/01\/participacion-del-cnh2-en-la-primera-semana-de-movilidad-del-proyecto-fabricacion-de-un-kart-con-energias-alternativas-del-programa-erasmus\/","title":{"rendered":"Participaci\u00f3n del CNH2 en la primera semana de movilidad del proyecto \u201cFabricaci\u00f3n de un kart con energ\u00edas alternativas\u201d del Programa ERASMUS+"},"content":{"rendered":"<p class=\"last-updated\">Last updated on 20 February, 2019<\/p><p style=\"text-align: justify;\"><strong>El <a href=\"https:\/\/www.cnh2.es\/investigacion\/proyectos-en-ejecucion\/kart-h2\/\" target=\"_blank\" rel=\"noopener noreferrer\">proyecto<\/a> \u201cFabricaci\u00f3n de un kart con energ\u00edas alternativas\u201d pretende fabricar varios Karts en equipo entre todos los miembros participantes con diferentes energ\u00edas alternativas y realizar pruebas que permitan compararlos y sacar conclusiones.<\/strong><\/p>\n<p style=\"text-align: justify;\"><img loading=\"lazy\" decoding=\"async\" class=\"size-medium wp-image-10546 alignleft\" src=\"https:\/\/www.cnh2.es\/wp-content\/uploads\/2018\/12\/Cartel-300x209.png\" alt=\"\" width=\"300\" height=\"209\" srcset=\"https:\/\/www.cnh2.es\/wp-content\/uploads\/2018\/12\/Cartel-300x209.png 300w, https:\/\/www.cnh2.es\/wp-content\/uploads\/2018\/12\/Cartel-768x535.png 768w, https:\/\/www.cnh2.es\/wp-content\/uploads\/2018\/12\/Cartel-705x491.png 705w, https:\/\/www.cnh2.es\/wp-content\/uploads\/2018\/12\/Cartel-450x313.png 450w, https:\/\/www.cnh2.es\/wp-content\/uploads\/2018\/12\/Cartel.png 1011w\" sizes=\"auto, (max-width: 300px) 100vw, 300px\" \/>Para ello, se ha llevado a cabo el primer intercambio de alumnos planificado en Valdepe\u00f1as (Espa\u00f1a) donde est\u00e1 ubicado el coordinador del proyecto, IES Gregorio Prieto, donde se pretende tomar las primeras decisiones para la definici\u00f3n y fabricaci\u00f3n del chasis de los karts. En este primer intercambio se ten\u00eda planificado la visita al Centro Nacional del Hidr\u00f3geno (CNH2), quien participa como colaborador en el proyecto asesorando en la fabricaci\u00f3n del kart de hidr\u00f3geno por parte de los estudiantes de formaci\u00f3n profesional del IES Gregorio Prieto.<\/p>\n<p style=\"text-align: justify;\">La visita const\u00f3 de varias partes, una primera donde se expusieron los conocimientos b\u00e1sicos de las tecnolog\u00edas del hidr\u00f3geno y las pilas de combustible y los conceptos generales del veh\u00edculo el\u00e9ctrico de pila de combustible, as\u00ed como la situaci\u00f3n actual del sector del transporte en nuestro pa\u00eds. Una segunda parte orientada m\u00e1s a la divulgaci\u00f3n y a la manipulaci\u00f3n de peque\u00f1os kits did\u00e1cticos donde pudieran trabajar por primera vez con este tipo de equipos y por \u00faltimo la vista a los laboratorios e instalaciones que el CNH2 dispone para trabajar diariamente como son: el Taller de Fabricaci\u00f3n de Prototipos, el Laboratorio de Transporte y la hidrogenera que actualmente tiene operativa.<\/p>\n<p style=\"text-align: justify;\"><img loading=\"lazy\" decoding=\"async\" class=\"alignnone size-medium wp-image-10547\" src=\"https:\/\/www.cnh2.es\/wp-content\/uploads\/2018\/12\/20181129_113509-300x225.jpg\" alt=\"\" width=\"300\" height=\"225\" srcset=\"https:\/\/www.cnh2.es\/wp-content\/uploads\/2018\/12\/20181129_113509-300x225.jpg 300w, https:\/\/www.cnh2.es\/wp-content\/uploads\/2018\/12\/20181129_113509-768x576.jpg 768w, https:\/\/www.cnh2.es\/wp-content\/uploads\/2018\/12\/20181129_113509-1030x773.jpg 1030w, https:\/\/www.cnh2.es\/wp-content\/uploads\/2018\/12\/20181129_113509-1500x1125.jpg 1500w, https:\/\/www.cnh2.es\/wp-content\/uploads\/2018\/12\/20181129_113509-705x529.jpg 705w, https:\/\/www.cnh2.es\/wp-content\/uploads\/2018\/12\/20181129_113509-450x338.jpg 450w\" sizes=\"auto, (max-width: 300px) 100vw, 300px\" \/> <img loading=\"lazy\" decoding=\"async\" class=\"alignnone size-medium wp-image-10548\" src=\"https:\/\/www.cnh2.es\/wp-content\/uploads\/2018\/12\/IMG-20181130-WA0033-300x225.jpg\" alt=\"\" width=\"300\" height=\"225\" srcset=\"https:\/\/www.cnh2.es\/wp-content\/uploads\/2018\/12\/IMG-20181130-WA0033-300x225.jpg 300w, https:\/\/www.cnh2.es\/wp-content\/uploads\/2018\/12\/IMG-20181130-WA0033-768x576.jpg 768w, https:\/\/www.cnh2.es\/wp-content\/uploads\/2018\/12\/IMG-20181130-WA0033-1030x773.jpg 1030w, https:\/\/www.cnh2.es\/wp-content\/uploads\/2018\/12\/IMG-20181130-WA0033-1500x1125.jpg 1500w, https:\/\/www.cnh2.es\/wp-content\/uploads\/2018\/12\/IMG-20181130-WA0033-705x529.jpg 705w, https:\/\/www.cnh2.es\/wp-content\/uploads\/2018\/12\/IMG-20181130-WA0033-450x338.jpg 450w, https:\/\/www.cnh2.es\/wp-content\/uploads\/2018\/12\/IMG-20181130-WA0033.jpg 1600w\" sizes=\"auto, (max-width: 300px) 100vw, 300px\" \/><\/p>\n<p style=\"text-align: justify;\">Con todo ello se consigui\u00f3 el objetivo previsto, transmitir el conocimiento suficiente para que los estudiantes puedan fabricar el kart de hidr\u00f3geno a lo largo de la duraci\u00f3n del proyecto.<\/p>\n<p style=\"text-align: justify;\">Por \u00faltimo, se celebr\u00f3 la reuni\u00f3n de seguimiento previsto por todo el consorcio donde se debatieron los indicadores comunes a todos los karts para su dise\u00f1o y fabricaci\u00f3n.<\/p>\n<p style=\"text-align: justify;\"><em><a href=\"http:\/\/www.ciencia.gob.es\/portal\/site\/MICINN?lang_choosen=en\" target=\"_blank\" rel=\"noopener noreferrer\"><img loading=\"lazy\" decoding=\"async\" class=\"wp-image-10424 size-large alignleft\" src=\"https:\/\/www.cnh2.es\/wp-content\/uploads\/2018\/10\/Cofinanciaci\u00f3n-erasmus--400x51.png\" alt=\"\" width=\"400\" height=\"51\" \/><\/a>Proyecto cofinanciado por el Programa Erasmus+ de la Uni\u00f3n Europea<\/em><\/p>\n","protected":false},"excerpt":{"rendered":"<p>Last updated on 20 February, 2019El proyecto \u201cFabricaci\u00f3n de un kart con energ\u00edas alternativas\u201d pretende fabricar varios Karts en equipo entre todos los miembros participantes con diferentes energ\u00edas alternativas y realizar pruebas que permitan compararlos y sacar conclusiones. Para ello, se ha llevado a cabo el primer intercambio de alumnos planificado en Valdepe\u00f1as (Espa\u00f1a) donde [&hellip;]<\/p>\n","protected":false},"author":2,"featured_media":10545,"comment_status":"closed","ping_status":"closed","sticky":false,"template":"","format":"standard","meta":{"_lmt_disableupdate":"","_lmt_disable":"","footnotes":""},"categories":[100],"tags":[],"class_list":["post-10544","post","type-post","status-publish","format-standard","has-post-thumbnail","hentry","category-cnh2-news"],"yoast_head":"<!-- This site is optimized with the Yoast SEO plugin v27.4 - https:\/\/yoast.com\/product\/yoast-seo-wordpress\/ -->\n<title>Participaci\u00f3n del CNH2 en la primera semana de movilidad del proyecto \u201cFabricaci\u00f3n de un kart con energ\u00edas alternativas\u201d del Programa ERASMUS+ - Centro Nacional del Hidr\u00f3geno<\/title>\n<meta name=\"robots\" content=\"index, follow, max-snippet:-1, max-image-preview:large, max-video-preview:-1\" \/>\n<link rel=\"canonical\" href=\"https:\/\/www.cnh2.es\/en\/2018\/12\/01\/participacion-del-cnh2-en-la-primera-semana-de-movilidad-del-proyecto-fabricacion-de-un-kart-con-energias-alternativas-del-programa-erasmus\/\" \/>\n<meta property=\"og:locale\" content=\"en_US\" \/>\n<meta property=\"og:type\" content=\"article\" \/>\n<meta property=\"og:title\" content=\"Participaci\u00f3n del CNH2 en la primera semana de movilidad del proyecto \u201cFabricaci\u00f3n de un kart con energ\u00edas alternativas\u201d del Programa ERASMUS+ - Centro Nacional del Hidr\u00f3geno\" \/>\n<meta property=\"og:description\" content=\"Last updated on 20 February, 2019El proyecto \u201cFabricaci\u00f3n de un kart con energ\u00edas alternativas\u201d pretende fabricar varios Karts en equipo entre todos los miembros participantes con diferentes energ\u00edas alternativas y realizar pruebas que permitan compararlos y sacar conclusiones. Para ello, se ha llevado a cabo el primer intercambio de alumnos planificado en Valdepe\u00f1as (Espa\u00f1a) donde [&hellip;]\" \/>\n<meta property=\"og:url\" content=\"https:\/\/www.cnh2.es\/en\/2018\/12\/01\/participacion-del-cnh2-en-la-primera-semana-de-movilidad-del-proyecto-fabricacion-de-un-kart-con-energias-alternativas-del-programa-erasmus\/\" \/>\n<meta property=\"og:site_name\" content=\"Centro Nacional del Hidr\u00f3geno\" \/>\n<meta property=\"article:published_time\" content=\"2018-12-01T11:03:15+00:00\" \/>\n<meta property=\"article:modified_time\" content=\"2019-02-20T10:46:16+00:00\" \/>\n<meta property=\"og:image\" content=\"https:\/\/www.cnh2.es\/wp-content\/uploads\/2018\/12\/IMG_20181129_101823-1030x773.jpg\" \/>\n\t<meta property=\"og:image:width\" content=\"1030\" \/>\n\t<meta property=\"og:image:height\" content=\"773\" \/>\n\t<meta property=\"og:image:type\" content=\"image\/jpeg\" \/>\n<meta name=\"author\" content=\"cnh2\" \/>\n<meta name=\"twitter:card\" content=\"summary_large_image\" \/>\n<meta name=\"twitter:label1\" content=\"Written by\" \/>\n\t<meta name=\"twitter:data1\" content=\"cnh2\" \/>\n\t<meta name=\"twitter:label2\" content=\"Est. reading time\" \/>\n\t<meta name=\"twitter:data2\" content=\"2 minutes\" \/>\n<script type=\"application\/ld+json\" class=\"yoast-schema-graph\">{\"@context\":\"https:\\\/\\\/schema.org\",\"@graph\":[{\"@type\":\"Article\",\"@id\":\"https:\\\/\\\/www.cnh2.es\\\/en\\\/2018\\\/12\\\/01\\\/participacion-del-cnh2-en-la-primera-semana-de-movilidad-del-proyecto-fabricacion-de-un-kart-con-energias-alternativas-del-programa-erasmus\\\/#article\",\"isPartOf\":{\"@id\":\"https:\\\/\\\/www.cnh2.es\\\/en\\\/2018\\\/12\\\/01\\\/participacion-del-cnh2-en-la-primera-semana-de-movilidad-del-proyecto-fabricacion-de-un-kart-con-energias-alternativas-del-programa-erasmus\\\/\"},\"author\":{\"name\":\"cnh2\",\"@id\":\"https:\\\/\\\/www.cnh2.es\\\/#\\\/schema\\\/person\\\/c7e71b9e0bb7fc06b5c90f489a3b08c9\"},\"headline\":\"Participaci\u00f3n del CNH2 en la primera semana de movilidad del proyecto \u201cFabricaci\u00f3n de un kart con energ\u00edas alternativas\u201d del Programa ERASMUS+\",\"datePublished\":\"2018-12-01T11:03:15+00:00\",\"dateModified\":\"2019-02-20T10:46:16+00:00\",\"mainEntityOfPage\":{\"@id\":\"https:\\\/\\\/www.cnh2.es\\\/en\\\/2018\\\/12\\\/01\\\/participacion-del-cnh2-en-la-primera-semana-de-movilidad-del-proyecto-fabricacion-de-un-kart-con-energias-alternativas-del-programa-erasmus\\\/\"},\"wordCount\":351,\"image\":{\"@id\":\"https:\\\/\\\/www.cnh2.es\\\/en\\\/2018\\\/12\\\/01\\\/participacion-del-cnh2-en-la-primera-semana-de-movilidad-del-proyecto-fabricacion-de-un-kart-con-energias-alternativas-del-programa-erasmus\\\/#primaryimage\"},\"thumbnailUrl\":\"https:\\\/\\\/www.cnh2.es\\\/wp-content\\\/uploads\\\/2018\\\/12\\\/IMG_20181129_101823.jpg\",\"articleSection\":[\"CNH2 News\"],\"inLanguage\":\"en-US\"},{\"@type\":\"WebPage\",\"@id\":\"https:\\\/\\\/www.cnh2.es\\\/en\\\/2018\\\/12\\\/01\\\/participacion-del-cnh2-en-la-primera-semana-de-movilidad-del-proyecto-fabricacion-de-un-kart-con-energias-alternativas-del-programa-erasmus\\\/\",\"url\":\"https:\\\/\\\/www.cnh2.es\\\/en\\\/2018\\\/12\\\/01\\\/participacion-del-cnh2-en-la-primera-semana-de-movilidad-del-proyecto-fabricacion-de-un-kart-con-energias-alternativas-del-programa-erasmus\\\/\",\"name\":\"Participaci\u00f3n del CNH2 en la primera semana de movilidad del proyecto \u201cFabricaci\u00f3n de un kart con energ\u00edas alternativas\u201d del Programa ERASMUS+ - Centro Nacional del Hidr\u00f3geno\",\"isPartOf\":{\"@id\":\"https:\\\/\\\/www.cnh2.es\\\/#website\"},\"primaryImageOfPage\":{\"@id\":\"https:\\\/\\\/www.cnh2.es\\\/en\\\/2018\\\/12\\\/01\\\/participacion-del-cnh2-en-la-primera-semana-de-movilidad-del-proyecto-fabricacion-de-un-kart-con-energias-alternativas-del-programa-erasmus\\\/#primaryimage\"},\"image\":{\"@id\":\"https:\\\/\\\/www.cnh2.es\\\/en\\\/2018\\\/12\\\/01\\\/participacion-del-cnh2-en-la-primera-semana-de-movilidad-del-proyecto-fabricacion-de-un-kart-con-energias-alternativas-del-programa-erasmus\\\/#primaryimage\"},\"thumbnailUrl\":\"https:\\\/\\\/www.cnh2.es\\\/wp-content\\\/uploads\\\/2018\\\/12\\\/IMG_20181129_101823.jpg\",\"datePublished\":\"2018-12-01T11:03:15+00:00\",\"dateModified\":\"2019-02-20T10:46:16+00:00\",\"author\":{\"@id\":\"https:\\\/\\\/www.cnh2.es\\\/#\\\/schema\\\/person\\\/c7e71b9e0bb7fc06b5c90f489a3b08c9\"},\"breadcrumb\":{\"@id\":\"https:\\\/\\\/www.cnh2.es\\\/en\\\/2018\\\/12\\\/01\\\/participacion-del-cnh2-en-la-primera-semana-de-movilidad-del-proyecto-fabricacion-de-un-kart-con-energias-alternativas-del-programa-erasmus\\\/#breadcrumb\"},\"inLanguage\":\"en-US\",\"potentialAction\":[{\"@type\":\"ReadAction\",\"target\":[\"https:\\\/\\\/www.cnh2.es\\\/en\\\/2018\\\/12\\\/01\\\/participacion-del-cnh2-en-la-primera-semana-de-movilidad-del-proyecto-fabricacion-de-un-kart-con-energias-alternativas-del-programa-erasmus\\\/\"]}]},{\"@type\":\"ImageObject\",\"inLanguage\":\"en-US\",\"@id\":\"https:\\\/\\\/www.cnh2.es\\\/en\\\/2018\\\/12\\\/01\\\/participacion-del-cnh2-en-la-primera-semana-de-movilidad-del-proyecto-fabricacion-de-un-kart-con-energias-alternativas-del-programa-erasmus\\\/#primaryimage\",\"url\":\"https:\\\/\\\/www.cnh2.es\\\/wp-content\\\/uploads\\\/2018\\\/12\\\/IMG_20181129_101823.jpg\",\"contentUrl\":\"https:\\\/\\\/www.cnh2.es\\\/wp-content\\\/uploads\\\/2018\\\/12\\\/IMG_20181129_101823.jpg\",\"width\":4608,\"height\":3456},{\"@type\":\"BreadcrumbList\",\"@id\":\"https:\\\/\\\/www.cnh2.es\\\/en\\\/2018\\\/12\\\/01\\\/participacion-del-cnh2-en-la-primera-semana-de-movilidad-del-proyecto-fabricacion-de-un-kart-con-energias-alternativas-del-programa-erasmus\\\/#breadcrumb\",\"itemListElement\":[{\"@type\":\"ListItem\",\"position\":1,\"name\":\"Home\",\"item\":\"https:\\\/\\\/www.cnh2.es\\\/en\\\/\"},{\"@type\":\"ListItem\",\"position\":2,\"name\":\"Participaci\u00f3n del CNH2 en la primera semana de movilidad del proyecto \u201cFabricaci\u00f3n de un kart con energ\u00edas alternativas\u201d del Programa ERASMUS+\"}]},{\"@type\":\"WebSite\",\"@id\":\"https:\\\/\\\/www.cnh2.es\\\/#website\",\"url\":\"https:\\\/\\\/www.cnh2.es\\\/\",\"name\":\"Centro Nacional del Hidr\u00f3geno\",\"description\":\"El Centro Nacional del Hidr\u00f3geno (CNH2), es una instalaci\u00f3n de nueva creaci\u00f3n dedicada en exclusividad a la investigaci\u00f3n y desarrollo de las tecnolog\u00edas del...\",\"potentialAction\":[{\"@type\":\"SearchAction\",\"target\":{\"@type\":\"EntryPoint\",\"urlTemplate\":\"https:\\\/\\\/www.cnh2.es\\\/?s={search_term_string}\"},\"query-input\":{\"@type\":\"PropertyValueSpecification\",\"valueRequired\":true,\"valueName\":\"search_term_string\"}}],\"inLanguage\":\"en-US\"},{\"@type\":\"Person\",\"@id\":\"https:\\\/\\\/www.cnh2.es\\\/#\\\/schema\\\/person\\\/c7e71b9e0bb7fc06b5c90f489a3b08c9\",\"name\":\"cnh2\",\"image\":{\"@type\":\"ImageObject\",\"inLanguage\":\"en-US\",\"@id\":\"https:\\\/\\\/secure.gravatar.com\\\/avatar\\\/3f38779628ec8f379d10b11b1983755d8d5ceb434c57e13b8b1e62ad66b9800f?s=96&d=mm&r=g\",\"url\":\"https:\\\/\\\/secure.gravatar.com\\\/avatar\\\/3f38779628ec8f379d10b11b1983755d8d5ceb434c57e13b8b1e62ad66b9800f?s=96&d=mm&r=g\",\"contentUrl\":\"https:\\\/\\\/secure.gravatar.com\\\/avatar\\\/3f38779628ec8f379d10b11b1983755d8d5ceb434c57e13b8b1e62ad66b9800f?s=96&d=mm&r=g\",\"caption\":\"cnh2\"}}]}<\/script>\n<!-- \/ Yoast SEO plugin. -->","yoast_head_json":{"title":"Participaci\u00f3n del CNH2 en la primera semana de movilidad del proyecto \u201cFabricaci\u00f3n de un kart con energ\u00edas alternativas\u201d del Programa ERASMUS+ - Centro Nacional del Hidr\u00f3geno","robots":{"index":"index","follow":"follow","max-snippet":"max-snippet:-1","max-image-preview":"max-image-preview:large","max-video-preview":"max-video-preview:-1"},"canonical":"https:\/\/www.cnh2.es\/en\/2018\/12\/01\/participacion-del-cnh2-en-la-primera-semana-de-movilidad-del-proyecto-fabricacion-de-un-kart-con-energias-alternativas-del-programa-erasmus\/","og_locale":"en_US","og_type":"article","og_title":"Participaci\u00f3n del CNH2 en la primera semana de movilidad del proyecto \u201cFabricaci\u00f3n de un kart con energ\u00edas alternativas\u201d del Programa ERASMUS+ - Centro Nacional del Hidr\u00f3geno","og_description":"Last updated on 20 February, 2019El proyecto \u201cFabricaci\u00f3n de un kart con energ\u00edas alternativas\u201d pretende fabricar varios Karts en equipo entre todos los miembros participantes con diferentes energ\u00edas alternativas y realizar pruebas que permitan compararlos y sacar conclusiones. Para ello, se ha llevado a cabo el primer intercambio de alumnos planificado en Valdepe\u00f1as (Espa\u00f1a) donde [&hellip;]","og_url":"https:\/\/www.cnh2.es\/en\/2018\/12\/01\/participacion-del-cnh2-en-la-primera-semana-de-movilidad-del-proyecto-fabricacion-de-un-kart-con-energias-alternativas-del-programa-erasmus\/","og_site_name":"Centro Nacional del Hidr\u00f3geno","article_published_time":"2018-12-01T11:03:15+00:00","article_modified_time":"2019-02-20T10:46:16+00:00","og_image":[{"width":1030,"height":773,"url":"https:\/\/www.cnh2.es\/wp-content\/uploads\/2018\/12\/IMG_20181129_101823-1030x773.jpg","type":"image\/jpeg"}],"author":"cnh2","twitter_card":"summary_large_image","twitter_misc":{"Written by":"cnh2","Est. reading time":"2 minutes"},"schema":{"@context":"https:\/\/schema.org","@graph":[{"@type":"Article","@id":"https:\/\/www.cnh2.es\/en\/2018\/12\/01\/participacion-del-cnh2-en-la-primera-semana-de-movilidad-del-proyecto-fabricacion-de-un-kart-con-energias-alternativas-del-programa-erasmus\/#article","isPartOf":{"@id":"https:\/\/www.cnh2.es\/en\/2018\/12\/01\/participacion-del-cnh2-en-la-primera-semana-de-movilidad-del-proyecto-fabricacion-de-un-kart-con-energias-alternativas-del-programa-erasmus\/"},"author":{"name":"cnh2","@id":"https:\/\/www.cnh2.es\/#\/schema\/person\/c7e71b9e0bb7fc06b5c90f489a3b08c9"},"headline":"Participaci\u00f3n del CNH2 en la primera semana de movilidad del proyecto \u201cFabricaci\u00f3n de un kart con energ\u00edas alternativas\u201d del Programa ERASMUS+","datePublished":"2018-12-01T11:03:15+00:00","dateModified":"2019-02-20T10:46:16+00:00","mainEntityOfPage":{"@id":"https:\/\/www.cnh2.es\/en\/2018\/12\/01\/participacion-del-cnh2-en-la-primera-semana-de-movilidad-del-proyecto-fabricacion-de-un-kart-con-energias-alternativas-del-programa-erasmus\/"},"wordCount":351,"image":{"@id":"https:\/\/www.cnh2.es\/en\/2018\/12\/01\/participacion-del-cnh2-en-la-primera-semana-de-movilidad-del-proyecto-fabricacion-de-un-kart-con-energias-alternativas-del-programa-erasmus\/#primaryimage"},"thumbnailUrl":"https:\/\/www.cnh2.es\/wp-content\/uploads\/2018\/12\/IMG_20181129_101823.jpg","articleSection":["CNH2 News"],"inLanguage":"en-US"},{"@type":"WebPage","@id":"https:\/\/www.cnh2.es\/en\/2018\/12\/01\/participacion-del-cnh2-en-la-primera-semana-de-movilidad-del-proyecto-fabricacion-de-un-kart-con-energias-alternativas-del-programa-erasmus\/","url":"https:\/\/www.cnh2.es\/en\/2018\/12\/01\/participacion-del-cnh2-en-la-primera-semana-de-movilidad-del-proyecto-fabricacion-de-un-kart-con-energias-alternativas-del-programa-erasmus\/","name":"Participaci\u00f3n del CNH2 en la primera semana de movilidad del proyecto \u201cFabricaci\u00f3n de un kart con energ\u00edas alternativas\u201d del Programa ERASMUS+ - Centro Nacional del Hidr\u00f3geno","isPartOf":{"@id":"https:\/\/www.cnh2.es\/#website"},"primaryImageOfPage":{"@id":"https:\/\/www.cnh2.es\/en\/2018\/12\/01\/participacion-del-cnh2-en-la-primera-semana-de-movilidad-del-proyecto-fabricacion-de-un-kart-con-energias-alternativas-del-programa-erasmus\/#primaryimage"},"image":{"@id":"https:\/\/www.cnh2.es\/en\/2018\/12\/01\/participacion-del-cnh2-en-la-primera-semana-de-movilidad-del-proyecto-fabricacion-de-un-kart-con-energias-alternativas-del-programa-erasmus\/#primaryimage"},"thumbnailUrl":"https:\/\/www.cnh2.es\/wp-content\/uploads\/2018\/12\/IMG_20181129_101823.jpg","datePublished":"2018-12-01T11:03:15+00:00","dateModified":"2019-02-20T10:46:16+00:00","author":{"@id":"https:\/\/www.cnh2.es\/#\/schema\/person\/c7e71b9e0bb7fc06b5c90f489a3b08c9"},"breadcrumb":{"@id":"https:\/\/www.cnh2.es\/en\/2018\/12\/01\/participacion-del-cnh2-en-la-primera-semana-de-movilidad-del-proyecto-fabricacion-de-un-kart-con-energias-alternativas-del-programa-erasmus\/#breadcrumb"},"inLanguage":"en-US","potentialAction":[{"@type":"ReadAction","target":["https:\/\/www.cnh2.es\/en\/2018\/12\/01\/participacion-del-cnh2-en-la-primera-semana-de-movilidad-del-proyecto-fabricacion-de-un-kart-con-energias-alternativas-del-programa-erasmus\/"]}]},{"@type":"ImageObject","inLanguage":"en-US","@id":"https:\/\/www.cnh2.es\/en\/2018\/12\/01\/participacion-del-cnh2-en-la-primera-semana-de-movilidad-del-proyecto-fabricacion-de-un-kart-con-energias-alternativas-del-programa-erasmus\/#primaryimage","url":"https:\/\/www.cnh2.es\/wp-content\/uploads\/2018\/12\/IMG_20181129_101823.jpg","contentUrl":"https:\/\/www.cnh2.es\/wp-content\/uploads\/2018\/12\/IMG_20181129_101823.jpg","width":4608,"height":3456},{"@type":"BreadcrumbList","@id":"https:\/\/www.cnh2.es\/en\/2018\/12\/01\/participacion-del-cnh2-en-la-primera-semana-de-movilidad-del-proyecto-fabricacion-de-un-kart-con-energias-alternativas-del-programa-erasmus\/#breadcrumb","itemListElement":[{"@type":"ListItem","position":1,"name":"Home","item":"https:\/\/www.cnh2.es\/en\/"},{"@type":"ListItem","position":2,"name":"Participaci\u00f3n del CNH2 en la primera semana de movilidad del proyecto \u201cFabricaci\u00f3n de un kart con energ\u00edas alternativas\u201d del Programa ERASMUS+"}]},{"@type":"WebSite","@id":"https:\/\/www.cnh2.es\/#website","url":"https:\/\/www.cnh2.es\/","name":"Centro Nacional del Hidr\u00f3geno","description":"El Centro Nacional del Hidr\u00f3geno (CNH2), es una instalaci\u00f3n de nueva creaci\u00f3n dedicada en exclusividad a la investigaci\u00f3n y desarrollo de las tecnolog\u00edas del...","potentialAction":[{"@type":"SearchAction","target":{"@type":"EntryPoint","urlTemplate":"https:\/\/www.cnh2.es\/?s={search_term_string}"},"query-input":{"@type":"PropertyValueSpecification","valueRequired":true,"valueName":"search_term_string"}}],"inLanguage":"en-US"},{"@type":"Person","@id":"https:\/\/www.cnh2.es\/#\/schema\/person\/c7e71b9e0bb7fc06b5c90f489a3b08c9","name":"cnh2","image":{"@type":"ImageObject","inLanguage":"en-US","@id":"https:\/\/secure.gravatar.com\/avatar\/3f38779628ec8f379d10b11b1983755d8d5ceb434c57e13b8b1e62ad66b9800f?s=96&d=mm&r=g","url":"https:\/\/secure.gravatar.com\/avatar\/3f38779628ec8f379d10b11b1983755d8d5ceb434c57e13b8b1e62ad66b9800f?s=96&d=mm&r=g","contentUrl":"https:\/\/secure.gravatar.com\/avatar\/3f38779628ec8f379d10b11b1983755d8d5ceb434c57e13b8b1e62ad66b9800f?s=96&d=mm&r=g","caption":"cnh2"}}]}},"modified_by":"cnh2","_links":{"self":[{"href":"https:\/\/www.cnh2.es\/en\/wp-json\/wp\/v2\/posts\/10544","targetHints":{"allow":["GET"]}}],"collection":[{"href":"https:\/\/www.cnh2.es\/en\/wp-json\/wp\/v2\/posts"}],"about":[{"href":"https:\/\/www.cnh2.es\/en\/wp-json\/wp\/v2\/types\/post"}],"author":[{"embeddable":true,"href":"https:\/\/www.cnh2.es\/en\/wp-json\/wp\/v2\/users\/2"}],"replies":[{"embeddable":true,"href":"https:\/\/www.cnh2.es\/en\/wp-json\/wp\/v2\/comments?post=10544"}],"version-history":[{"count":0,"href":"https:\/\/www.cnh2.es\/en\/wp-json\/wp\/v2\/posts\/10544\/revisions"}],"wp:featuredmedia":[{"embeddable":true,"href":"https:\/\/www.cnh2.es\/en\/wp-json\/wp\/v2\/media\/10545"}],"wp:attachment":[{"href":"https:\/\/www.cnh2.es\/en\/wp-json\/wp\/v2\/media?parent=10544"}],"wp:term":[{"taxonomy":"category","embeddable":true,"href":"https:\/\/www.cnh2.es\/en\/wp-json\/wp\/v2\/categories?post=10544"},{"taxonomy":"post_tag","embeddable":true,"href":"https:\/\/www.cnh2.es\/en\/wp-json\/wp\/v2\/tags?post=10544"}],"curies":[{"name":"wp","href":"https:\/\/api.w.org\/{rel}","templated":true}]}}